{"id":29955,"date":"2025-05-19T15:18:32","date_gmt":"2025-05-19T12:18:32","guid":{"rendered":"https:\/\/www.egemtv.com\/?p=29955"},"modified":"2025-05-19T15:18:36","modified_gmt":"2025-05-19T12:18:36","slug":"selendide-19-mayis-coskuyla-kutlandi","status":"publish","type":"post","link":"https:\/\/www.egemtv.com\/?p=29955","title":{"rendered":"Selendi\u2019de 19 May\u0131s co\u015fkuyla kutland\u0131"},"content":{"rendered":"<p>Manisa\u2019n\u0131n Selendi il\u00e7esinde 19 May\u0131s Atat\u00fcrk\u2019\u00fc Anma Gen\u00e7lik ve Spor Bayram\u0131 106. y\u0131l\u0131 co\u015fkuyla kutland\u0131.<br \/>\n<br \/>19 May\u0131s Atat\u00fcrk\u2019\u00fc Anma, Gen\u00e7lik ve Spor Bayram\u0131 106. y\u0131ld\u00f6n\u00fcm\u00fc Manisa\u2019n\u0131n Selendi il\u00e7esinde Demokrasi Meydan\u0131nda bulunan Atat\u00fcrk b\u00fcst\u00fcne \u0130l\u00e7e Gen\u00e7lik ve Spor M\u00fcd\u00fcr\u00fc Sait Bozer taraf\u0131ndan \u00e7elenk sunulmas\u0131 ile ba\u015flad\u0131. \u00c7elenk sunumunun ard\u0131ndan kutlama t\u00f6reni \u00dc\u00e7 Eyl\u00fcl \u015fehir stad\u0131nda sayg\u0131 duru\u015funda bulunulmas\u0131 ve \u0130stiklal Mar\u015f\u0131n\u0131n okunmas\u0131yla ba\u015flad\u0131. Selendi \u0130l\u00e7e Gen\u00e7lik ve Spor M\u00fcd\u00fcr\u00fc Sait Bozer\u2019in g\u00fcn\u00fcn anlam ve \u00f6nemiyle ilgili yapt\u0131\u011f\u0131 konu\u015fman\u0131n ard\u0131ndan, \u00f6\u011frencilerinin \u015fiir okumas\u0131, halk oyunlar\u0131 g\u00f6sterileri, de\u011fi\u015fik g\u00f6steriler ve yar\u0131\u015fmalarla program sona erdi.<br \/>\n<br \/>Gen\u00e7lik Haftas\u0131 dolay\u0131s\u0131yla d\u00fczenlenen yar\u0131\u015fma ve spor turnuvalarda dereceye giren \u00f6\u011frenci ve okullara \u00f6d\u00fclleri Manisa Vali Yard\u0131mc\u0131s\u0131 Selendi Kaymakam vekili Mustafa \u00d6zkasnak, Belediye Ba\u015fkan\u0131 Murat Daban, \u0130l\u00e7e Jandarma Komutan\u0131 Muhammed Tok taraf\u0131ndan verildi.<br \/><\/p>\n","protected":false},"excerpt":{"rendered":"<p>Manisa\u2019n\u0131n Selendi il\u00e7esinde 19 May\u0131s Atat\u00fcrk\u2019\u00fc Anma Gen\u00e7lik ve Spor Bayram\u0131 106. y\u0131l\u0131 co\u015fkuyla kutland\u0131. 19 May\u0131s Atat\u00fcrk\u2019\u00fc Anma, Gen\u00e7lik ve Spor Bayram\u0131 106. y\u0131ld\u00f6n\u00fcm\u00fc Manisa\u2019n\u0131n Selendi il\u00e7esinde Demokrasi Meydan\u0131nda bulunan Atat\u00fcrk b\u00fcst\u00fcne \u0130l\u00e7e Gen\u00e7lik ve Spor M\u00fcd\u00fcr\u00fc Sait Bozer taraf\u0131ndan \u00e7elenk sunulmas\u0131 ile ba\u015flad\u0131. \u00c7elenk sunumunun ard\u0131ndan kutlama t\u00f6reni \u00dc\u00e7 Eyl\u00fcl \u015fehir stad\u0131nda sayg\u0131&#8230;<\/p>\n","protected":false},"author":1,"featured_media":29956,"comment_status":"open","ping_status":"open","sticky":false,"template":"","format":"standard","meta":{"_crdt_document":"","footnotes":""},"categories":[1],"tags":[],"class_list":["post-29955","post","type-post","status-publish","format-standard","has-post-thumbnail","hentry","category-guncel"],"_links":{"self":[{"href":"https:\/\/www.egemtv.com\/index.php?rest_route=\/wp\/v2\/posts\/29955","targetHints":{"allow":["GET"]}}],"collection":[{"href":"https:\/\/www.egemtv.com\/index.php?rest_route=\/wp\/v2\/posts"}],"about":[{"href":"https:\/\/www.egemtv.com\/index.php?rest_route=\/wp\/v2\/types\/post"}],"author":[{"embeddable":true,"href":"https:\/\/www.egemtv.com\/index.php?rest_route=\/wp\/v2\/users\/1"}],"replies":[{"embeddable":true,"href":"https:\/\/www.egemtv.com\/index.php?rest_route=%2Fwp%2Fv2%2Fcomments&post=29955"}],"version-history":[{"count":1,"href":"https:\/\/www.egemtv.com\/index.php?rest_route=\/wp\/v2\/posts\/29955\/revisions"}],"predecessor-version":[{"id":29957,"href":"https:\/\/www.egemtv.com\/index.php?rest_route=\/wp\/v2\/posts\/29955\/revisions\/29957"}],"wp:featuredmedia":[{"embeddable":true,"href":"https:\/\/www.egemtv.com\/index.php?rest_route=\/wp\/v2\/media\/29956"}],"wp:attachment":[{"href":"https:\/\/www.egemtv.com\/index.php?rest_route=%2Fwp%2Fv2%2Fmedia&parent=29955"}],"wp:term":[{"taxonomy":"category","embeddable":true,"href":"https:\/\/www.egemtv.com\/index.php?rest_route=%2Fwp%2Fv2%2Fcategories&post=29955"},{"taxonomy":"post_tag","embeddable":true,"href":"https:\/\/www.egemtv.com\/index.php?rest_route=%2Fwp%2Fv2%2Ftags&post=29955"}],"curies":[{"name":"wp","href":"https:\/\/api.w.org\/{rel}","templated":true}]}}