{"id":29952,"date":"2025-05-19T15:18:26","date_gmt":"2025-05-19T12:18:26","guid":{"rendered":"https:\/\/www.egemtv.com\/?p=29952"},"modified":"2025-05-19T15:18:31","modified_gmt":"2025-05-19T12:18:31","slug":"afyonkarahisarda-19-mayis-coskusu","status":"publish","type":"post","link":"https:\/\/www.egemtv.com\/?p=29952","title":{"rendered":"Afyonkarahisar\u2019da 19 May\u0131s co\u015fkusu"},"content":{"rendered":"<p>19 May\u0131s Atat\u00fcrk\u2019\u00fc Anma, Gen\u00e7lik ve Spor Bayram\u0131, Afyonkarahisar\u2019da d\u00fczenlenen t\u00f6renlerle b\u00fcy\u00fck bir co\u015fku i\u00e7inde kutland\u0131.<br \/>\n<br \/>Kocatepe Park\u0131\u2019nda ger\u00e7ekle\u015ftirilen t\u00f6rende, Gen\u00e7lik ve Spor \u0130l M\u00fcd\u00fcr\u00fc \u0130smail Hakk\u0131 Kasapo\u011flu taraf\u0131ndan Atat\u00fcrk An\u0131t\u0131\u2019na \u00e7elenk sunuldu. Sayg\u0131 duru\u015fu ve \u0130stiklal Mar\u015f\u0131\u2019n\u0131n ard\u0131ndan kutlamalar, Prof. Dr. Veysel Ero\u011flu Spor Salonu\u2019nda devam etti. Buradaki programda bir konu\u015fma yapan \u0130l M\u00fcd\u00fcr\u00fc Kasapo\u011flu, gen\u00e7li\u011fin \u00f6nemine ve Atat\u00fcrk\u2019\u00fcn gen\u00e7li\u011fe olan inanc\u0131na dikkat \u00e7ekti. Program, cimnastik, karate, halk oyunlar\u0131, trambolin ve g\u00fcre\u015f g\u00f6sterileriyle renklenirken, \u015fiir ve kompozisyon yar\u0131\u015fmalar\u0131nda dereceye giren \u00f6\u011frencilere \u00f6d\u00fclleri takdim edildi. T\u00f6rene Afyonkarahisar Valisi Do\u00e7. Dr. K\u00fcbra G\u00fcran Yi\u011fitba\u015f\u0131, il protokol\u00fc, daire m\u00fcd\u00fcrleri, sivil toplum kurulu\u015flar\u0131n\u0131n temsilcileri ve \u00e7ok say\u0131da vatanda\u015f kat\u0131ld\u0131. Kutlamalar, milli birlik ve beraberlik duygular\u0131n\u0131n \u00f6n plana \u00e7\u0131kt\u0131\u011f\u0131 anlaml\u0131 anlarla haf\u0131zalarda yer etti.<br \/><\/p>\n","protected":false},"excerpt":{"rendered":"<p>19 May\u0131s Atat\u00fcrk\u2019\u00fc Anma, Gen\u00e7lik ve Spor Bayram\u0131, Afyonkarahisar\u2019da d\u00fczenlenen t\u00f6renlerle b\u00fcy\u00fck bir co\u015fku i\u00e7inde kutland\u0131. Kocatepe Park\u0131\u2019nda ger\u00e7ekle\u015ftirilen t\u00f6rende, Gen\u00e7lik ve Spor \u0130l M\u00fcd\u00fcr\u00fc \u0130smail Hakk\u0131 Kasapo\u011flu taraf\u0131ndan Atat\u00fcrk An\u0131t\u0131\u2019na \u00e7elenk sunuldu. Sayg\u0131 duru\u015fu ve \u0130stiklal Mar\u015f\u0131\u2019n\u0131n ard\u0131ndan kutlamalar, Prof. Dr. Veysel Ero\u011flu Spor Salonu\u2019nda devam etti. Buradaki programda bir konu\u015fma yapan \u0130l M\u00fcd\u00fcr\u00fc&#8230;<\/p>\n","protected":false},"author":1,"featured_media":29953,"comment_status":"open","ping_status":"open","sticky":false,"template":"","format":"standard","meta":{"_crdt_document":"","footnotes":""},"categories":[1],"tags":[],"class_list":["post-29952","post","type-post","status-publish","format-standard","has-post-thumbnail","hentry","category-guncel"],"_links":{"self":[{"href":"https:\/\/www.egemtv.com\/index.php?rest_route=\/wp\/v2\/posts\/29952","targetHints":{"allow":["GET"]}}],"collection":[{"href":"https:\/\/www.egemtv.com\/index.php?rest_route=\/wp\/v2\/posts"}],"about":[{"href":"https:\/\/www.egemtv.com\/index.php?rest_route=\/wp\/v2\/types\/post"}],"author":[{"embeddable":true,"href":"https:\/\/www.egemtv.com\/index.php?rest_route=\/wp\/v2\/users\/1"}],"replies":[{"embeddable":true,"href":"https:\/\/www.egemtv.com\/index.php?rest_route=%2Fwp%2Fv2%2Fcomments&post=29952"}],"version-history":[{"count":1,"href":"https:\/\/www.egemtv.com\/index.php?rest_route=\/wp\/v2\/posts\/29952\/revisions"}],"predecessor-version":[{"id":29954,"href":"https:\/\/www.egemtv.com\/index.php?rest_route=\/wp\/v2\/posts\/29952\/revisions\/29954"}],"wp:featuredmedia":[{"embeddable":true,"href":"https:\/\/www.egemtv.com\/index.php?rest_route=\/wp\/v2\/media\/29953"}],"wp:attachment":[{"href":"https:\/\/www.egemtv.com\/index.php?rest_route=%2Fwp%2Fv2%2Fmedia&parent=29952"}],"wp:term":[{"taxonomy":"category","embeddable":true,"href":"https:\/\/www.egemtv.com\/index.php?rest_route=%2Fwp%2Fv2%2Fcategories&post=29952"},{"taxonomy":"post_tag","embeddable":true,"href":"https:\/\/www.egemtv.com\/index.php?rest_route=%2Fwp%2Fv2%2Ftags&post=29952"}],"curies":[{"name":"wp","href":"https:\/\/api.w.org\/{rel}","templated":true}]}}