{"id":29949,"date":"2025-05-19T15:18:21","date_gmt":"2025-05-19T12:18:21","guid":{"rendered":"https:\/\/www.egemtv.com\/?p=29949"},"modified":"2025-05-19T15:18:26","modified_gmt":"2025-05-19T12:18:26","slug":"ogrencilere-drone-dersi","status":"publish","type":"post","link":"https:\/\/www.egemtv.com\/?p=29949","title":{"rendered":"\u00d6\u011frencilere drone dersi"},"content":{"rendered":"<p>Manisa \u00c7al\u0131\u015fan Gazeteciler Derne\u011fi Ba\u015fkan\u0131 S\u00fcrekli Bas\u0131n Kart\u0131 Sahibi Turgay Duyar, Yunusemre Ticaret Mesleki ve Teknik Anadolu Lisesi \u00f6\u011frencilerine &#8220;Kim, nerede, nas\u0131l drone u\u00e7urabilir, cezas\u0131 var m\u0131 ve ne kadar?&#8221; hakk\u0131nda bilgilendirme yapt\u0131.<br \/>\n<br \/>Yunusemre Ticaret Mesleki ve Teknik Anadolu Lisesi taraf\u0131ndan bu y\u0131l \u00fc\u00e7\u00fcnc\u00fcs\u00fc d\u00fczenlenen &#8220;Gen\u00e7lik \u015e\u00f6leni Haftas\u0131&#8221; kapsam\u0131nda k\u00fclt\u00fcrden, sanata, spora kadar farkl\u0131 bir \u00e7ok etkinli\u011fe yer verildi.<br \/>\n<br \/>Yunusemre Ticaret Mesleki ve Teknik Anadolu Lisesi M\u00fcd\u00fcr\u00fc Sayim Can, e\u011flenceli etkinliklerin yan\u0131nda, farkl\u0131 konularda alan\u0131n en yetkin ve uzman isimleri de okula davet ederek \u00f6\u011frencilere farkl\u0131 e\u011fitimlerin de verildi\u011fini kaydetti.<br \/>\n<br \/>Okul M\u00fcd\u00fcr\u00fc Can, &#8220;\u0130\u015fte bu e\u011fitimlerden en ilgi \u00e7ekici ve \u00f6zg\u00fcn olan\u0131 ise Drone Pilot Operat\u00f6rl\u00fc\u011f\u00fc. Bu konuda Manisa\u2019daki en etkin isimlerden biri olan Tugay Duyar\u2019\u0131 \u00f6\u011frencileri bilgilendirmek i\u00e7in okulumuza davet ettik. Gazeteci ve Drone Pilot Operat\u00f6rl\u00fc\u011f\u00fc E\u011fitmenli\u011fi yapm\u0131\u015f olan Turgay Duyar taraf\u0131ndan verilen \u2019Drone Pilot Operat\u00f6rl\u00fc\u011f\u00fc\u2019 \u00f6\u011frencilerin ilgisini \u00e7ekti.&#8221; diye konu\u015ftu.<br \/>\n<br \/>E\u011fitimin ilk olarak Okul Konferans salonunda teorik ve teknik e\u011fitim ile ba\u015flad\u0131\u011f\u0131n\u0131 anlatan Okul M\u00fcd\u00fcr\u00fc Can, &#8220;\u00d6\u011frencilerimize drone hakk\u0131nda bilinmesi gereken \u00f6nemli konular hakk\u0131nda bilgilendirmeler yapt\u0131. \u00d6zellikle herkesin merak etti\u011fi \u2019Kim, nerede, nas\u0131l drone u\u00e7urabilir, cezas\u0131 var m\u0131 ve ne kadar?\u2019 hakk\u0131nda bilgilendirme yapt\u0131. Bina i\u00e7erisinde u\u00e7urulabilen drone ile \u00f6\u011frencilere mini u\u00e7u\u015f yapt\u0131.&#8221; dedi.<br \/>\n<br \/>E\u011fitimin ard\u0131ndan \u00f6\u011frenciler ve \u00f6\u011fretmenler okul \u00f6n bah\u00e7esinde bulunan alanda drone u\u00e7u\u015f \u00f6ncesi yap\u0131lmas\u0131 gerekenler hakk\u0131nda uygulamal\u0131 e\u011fitim ald\u0131.<br \/>\n<br \/>Okul M\u00fcd\u00fcr\u00fc Can, &#8220;Turgay Duyar, b\u00f6yle \u00f6zg\u00fcn ve farkl\u0131 bir e\u011fitim ile \u015f\u00f6len haftam\u0131za renk katt\u0131. Burada bizzat uygulama f\u0131rsat\u0131 bulan, hayatlar\u0131nda ilk kez drone kullanarak, foto\u011fraf ve video \u00e7ekimleri yapan \u00f6\u011frenciler ve \u00f6\u011fretmenler \u00e7ok keyifli, bir o kadar da e\u011flenceli bir g\u00fcn ya\u015fad\u0131lar.&#8221; \u015feklinde konu\u015ftu.<br \/>\n<br \/>E\u011fitim sonunda Okul M\u00fcd\u00fcr\u00fc Can taraf\u0131ndan Turgay Duyar\u2019a te\u015fekk\u00fcr ederek, hediye takdiminde bulundu.<br \/>\n<br \/>Etkinlik drone ile hat\u0131ra foto\u011fraf\u0131 \u00e7ekilmesiyle son buldu.<br \/><\/p>\n","protected":false},"excerpt":{"rendered":"<p>Manisa \u00c7al\u0131\u015fan Gazeteciler Derne\u011fi Ba\u015fkan\u0131 S\u00fcrekli Bas\u0131n Kart\u0131 Sahibi Turgay Duyar, Yunusemre Ticaret Mesleki ve Teknik Anadolu Lisesi \u00f6\u011frencilerine &#8220;Kim, nerede, nas\u0131l drone u\u00e7urabilir, cezas\u0131 var m\u0131 ve ne kadar?&#8221; hakk\u0131nda bilgilendirme yapt\u0131. Yunusemre Ticaret Mesleki ve Teknik Anadolu Lisesi taraf\u0131ndan bu y\u0131l \u00fc\u00e7\u00fcnc\u00fcs\u00fc d\u00fczenlenen &#8220;Gen\u00e7lik \u015e\u00f6leni Haftas\u0131&#8221; kapsam\u0131nda k\u00fclt\u00fcrden, sanata, spora kadar farkl\u0131 bir&#8230;<\/p>\n","protected":false},"author":1,"featured_media":29950,"comment_status":"open","ping_status":"open","sticky":false,"template":"","format":"standard","meta":{"_crdt_document":"","footnotes":""},"categories":[1],"tags":[],"class_list":["post-29949","post","type-post","status-publish","format-standard","has-post-thumbnail","hentry","category-guncel"],"_links":{"self":[{"href":"https:\/\/www.egemtv.com\/index.php?rest_route=\/wp\/v2\/posts\/29949","targetHints":{"allow":["GET"]}}],"collection":[{"href":"https:\/\/www.egemtv.com\/index.php?rest_route=\/wp\/v2\/posts"}],"about":[{"href":"https:\/\/www.egemtv.com\/index.php?rest_route=\/wp\/v2\/types\/post"}],"author":[{"embeddable":true,"href":"https:\/\/www.egemtv.com\/index.php?rest_route=\/wp\/v2\/users\/1"}],"replies":[{"embeddable":true,"href":"https:\/\/www.egemtv.com\/index.php?rest_route=%2Fwp%2Fv2%2Fcomments&post=29949"}],"version-history":[{"count":1,"href":"https:\/\/www.egemtv.com\/index.php?rest_route=\/wp\/v2\/posts\/29949\/revisions"}],"predecessor-version":[{"id":29951,"href":"https:\/\/www.egemtv.com\/index.php?rest_route=\/wp\/v2\/posts\/29949\/revisions\/29951"}],"wp:featuredmedia":[{"embeddable":true,"href":"https:\/\/www.egemtv.com\/index.php?rest_route=\/wp\/v2\/media\/29950"}],"wp:attachment":[{"href":"https:\/\/www.egemtv.com\/index.php?rest_route=%2Fwp%2Fv2%2Fmedia&parent=29949"}],"wp:term":[{"taxonomy":"category","embeddable":true,"href":"https:\/\/www.egemtv.com\/index.php?rest_route=%2Fwp%2Fv2%2Fcategories&post=29949"},{"taxonomy":"post_tag","embeddable":true,"href":"https:\/\/www.egemtv.com\/index.php?rest_route=%2Fwp%2Fv2%2Ftags&post=29949"}],"curies":[{"name":"wp","href":"https:\/\/api.w.org\/{rel}","templated":true}]}}