{"id":29946,"date":"2025-05-19T15:18:17","date_gmt":"2025-05-19T12:18:17","guid":{"rendered":"https:\/\/www.egemtv.com\/?p=29946"},"modified":"2025-05-19T15:18:21","modified_gmt":"2025-05-19T12:18:21","slug":"demircide-kurtulus-savasi-canlandirildi","status":"publish","type":"post","link":"https:\/\/www.egemtv.com\/?p=29946","title":{"rendered":"Demirci\u2019de Kurtulu\u015f Sava\u015f\u0131 canland\u0131r\u0131ld\u0131"},"content":{"rendered":"<p>Manisa\u2019n\u0131n Demirci il\u00e7esinde 19 May\u0131s Atat\u00fcrk\u2019\u00fc Anma, Gen\u00e7lik ve Spor Bayram\u0131 t\u00f6renlerinde gen\u00e7lerin bedenleri ile sahaya \u00e7izdikleri dev T\u00fcrkiye haritas\u0131nda temsili Kurtulu\u015f sava\u015f\u0131 canland\u0131r\u0131lmas\u0131 b\u00fcy\u00fck be\u011feni ald\u0131.<br \/>\n<br \/>Demirci\u2019de 19 May\u0131s Atat\u00fcrk\u2019\u00fc Anma Gen\u00e7lik ve Spor Bayram\u0131 kutlamalar\u0131 Gen\u00e7lik ve Spor \u0130l\u00e7e M\u00fcd\u00fcr\u00fc Bilal Y\u0131lmaz\u2019\u0131n Atat\u00fcrk an\u0131t\u0131na \u00e7elenk sunmas\u0131 ile ba\u015flad\u0131. Demirci\u2019de kutlama t\u00f6renleri Kaymakam \u0130brahim Ethem Ak\u0131nc\u0131 stad\u0131nda ger\u00e7ekle\u015fti Demirci Kaymakam\u0131 Yavuz Arslan ve Belediye Ba\u015fkan\u0131 Erkan Kara\u2019n\u0131n \u00f6\u011frencilerin ve halk\u0131n bayram\u0131n\u0131 kutlamas\u0131 ile ba\u015flad\u0131.<br \/>\n<br \/>Milli E\u011fitim M\u00fcd\u00fcrl\u00fc\u011f\u00fc koordinasyonunda Necip Faz\u0131l K\u0131sak\u00fcrek Fen Lisesi \u00f6\u011frencileri taraf\u0131ndan bedenleri ile stada dev T\u00fcrkiye haritas\u0131 \u00e7izildi. 800 \u00f6\u011frencinin g\u00f6rev ald\u0131\u011f\u0131 dev T\u00fcrkiye haritas\u0131 ve Kurtulu\u015f sava\u015f\u0131 canland\u0131rmas\u0131nda \u00f6\u011frenciler muhte\u015fem bir g\u00f6steri sergiledi.<br \/>\n<br \/>G\u00f6steride d\u00fc\u015fman\u0131n sald\u0131r\u0131s\u0131 ile ba\u015flayan temsili kurtulu\u015f m\u00fccadelesinde, Gazi Mustafa Kemal Atat\u00fcrk statta kurulan Band\u0131rma vapuru ile Samsun\u2019a \u00e7\u0131k\u0131\u015f\u0131 sahnelendi. Amasya ve Erzurum kongrelerinin canland\u0131r\u0131lmas\u0131n\u0131n yap\u0131ld\u0131\u011f\u0131 g\u00f6steride Gazi Mustafa Kemal Atat\u00fcrk komutas\u0131nda d\u00fc\u015fmanla sava\u015flar yap\u0131ld\u0131.<br \/>\n<br \/>T\u00fcrkiye haritas\u0131 i\u00e7inde b\u00f6lgelere g\u00f6re ise Anadolu\u2019da o y\u0131llardaki ya\u015fam m\u00fccadelesi de yans\u0131t\u0131ld\u0131. \u00d6\u011frencilerin Kurtulu\u015f Sava\u015f\u0131n\u0131 anlatan g\u00f6sterisi vatanda\u015flar taraf\u0131ndan dakikalarca ayakta alk\u0131\u015fland\u0131.<br \/>\n<br \/>Kaymakam Yavuz Arslan ve Belediye Ba\u015fkan\u0131 Erkan Kara, b\u00fcy\u00fck bir emek vererek haz\u0131rlanan g\u00f6steriden dolay\u0131 Necip Faz\u0131l K\u0131sak\u00fcrek Fen Lisesi \u00f6\u011fretmen ve \u00f6\u011frencilerine de te\u015fekk\u00fcr etti.<br \/>\n<br \/>T\u00f6renlerin sonunda il\u00e7ede yap\u0131lan sportif faaliyetlerde dereceye giren \u00f6\u011frencilere Kaymakam Yavuz Arslan, Belediye Ba\u015fkan\u0131 Erkan Kara, Cumhuriyet Ba\u015fsavc\u0131s\u0131 Emre Ayta\u00e7 ve \u0130l\u00e7e protokol\u00fc taraf\u0131ndan madalya ve kupalarda verildi.<br \/><\/p>\n","protected":false},"excerpt":{"rendered":"<p>Manisa\u2019n\u0131n Demirci il\u00e7esinde 19 May\u0131s Atat\u00fcrk\u2019\u00fc Anma, Gen\u00e7lik ve Spor Bayram\u0131 t\u00f6renlerinde gen\u00e7lerin bedenleri ile sahaya \u00e7izdikleri dev T\u00fcrkiye haritas\u0131nda temsili Kurtulu\u015f sava\u015f\u0131 canland\u0131r\u0131lmas\u0131 b\u00fcy\u00fck be\u011feni ald\u0131. Demirci\u2019de 19 May\u0131s Atat\u00fcrk\u2019\u00fc Anma Gen\u00e7lik ve Spor Bayram\u0131 kutlamalar\u0131 Gen\u00e7lik ve Spor \u0130l\u00e7e M\u00fcd\u00fcr\u00fc Bilal Y\u0131lmaz\u2019\u0131n Atat\u00fcrk an\u0131t\u0131na \u00e7elenk sunmas\u0131 ile ba\u015flad\u0131. Demirci\u2019de kutlama t\u00f6renleri Kaymakam \u0130brahim&#8230;<\/p>\n","protected":false},"author":1,"featured_media":29947,"comment_status":"open","ping_status":"open","sticky":false,"template":"","format":"standard","meta":{"_crdt_document":"","footnotes":""},"categories":[1],"tags":[],"class_list":["post-29946","post","type-post","status-publish","format-standard","has-post-thumbnail","hentry","category-guncel"],"_links":{"self":[{"href":"https:\/\/www.egemtv.com\/index.php?rest_route=\/wp\/v2\/posts\/29946","targetHints":{"allow":["GET"]}}],"collection":[{"href":"https:\/\/www.egemtv.com\/index.php?rest_route=\/wp\/v2\/posts"}],"about":[{"href":"https:\/\/www.egemtv.com\/index.php?rest_route=\/wp\/v2\/types\/post"}],"author":[{"embeddable":true,"href":"https:\/\/www.egemtv.com\/index.php?rest_route=\/wp\/v2\/users\/1"}],"replies":[{"embeddable":true,"href":"https:\/\/www.egemtv.com\/index.php?rest_route=%2Fwp%2Fv2%2Fcomments&post=29946"}],"version-history":[{"count":1,"href":"https:\/\/www.egemtv.com\/index.php?rest_route=\/wp\/v2\/posts\/29946\/revisions"}],"predecessor-version":[{"id":29948,"href":"https:\/\/www.egemtv.com\/index.php?rest_route=\/wp\/v2\/posts\/29946\/revisions\/29948"}],"wp:featuredmedia":[{"embeddable":true,"href":"https:\/\/www.egemtv.com\/index.php?rest_route=\/wp\/v2\/media\/29947"}],"wp:attachment":[{"href":"https:\/\/www.egemtv.com\/index.php?rest_route=%2Fwp%2Fv2%2Fmedia&parent=29946"}],"wp:term":[{"taxonomy":"category","embeddable":true,"href":"https:\/\/www.egemtv.com\/index.php?rest_route=%2Fwp%2Fv2%2Fcategories&post=29946"},{"taxonomy":"post_tag","embeddable":true,"href":"https:\/\/www.egemtv.com\/index.php?rest_route=%2Fwp%2Fv2%2Ftags&post=29946"}],"curies":[{"name":"wp","href":"https:\/\/api.w.org\/{rel}","templated":true}]}}