{"id":29841,"date":"2025-05-19T11:36:36","date_gmt":"2025-05-19T08:36:36","guid":{"rendered":"https:\/\/www.egemtv.com\/?p=29841"},"modified":"2025-05-19T11:36:41","modified_gmt":"2025-05-19T08:36:41","slug":"denizli-buyuksehir-belediyesi-2-kulupten-30-yillik-tesislerini-bosaltmasini-istedi","status":"publish","type":"post","link":"https:\/\/www.egemtv.com\/?p=29841","title":{"rendered":"Denizli B\u00fcy\u00fck\u015fehir Belediyesi, 2 kul\u00fcpten 30 y\u0131ll\u0131k tesislerini bo\u015faltmas\u0131n\u0131 istedi"},"content":{"rendered":"<p>Denizli B\u00fcy\u00fck\u015fehir Belediyesi, 500 sporcusu bulunan 2 amat\u00f6r kul\u00fcpten 30 y\u0131ld\u0131r kulland\u0131klar\u0131 tesislerini bo\u015faltmas\u0131n\u0131 istedi. Tart\u0131\u015fmalara neden olan karara tepki i\u00e7in tesislere giden \u0130l\u00e7e Ba\u015fkan\u0131 \u0130lmi K\u00f6se, &#8220;Spor dairesi yapacak yer mi bulamad\u0131n\u0131z? Denizlispor\u2019a vermedi\u011finiz gibi amat\u00f6r spora da destek vermeyin!&#8221; dedi.<br \/>\n<br \/>Denizli B\u00fcy\u00fck\u015fehir Belediyesi, 500 sporcusu bulunan \u0130ncilip\u0131narg\u00fcc\u00fc ve \u0130stiklalspor amat\u00f6r kul\u00fcplerinden 30 y\u0131ld\u0131r kulland\u0131klar\u0131, Pamukkale il\u00e7esine ba\u011fl\u0131 \u0130ncilip\u0131nar Mahallesi tesislerini bo\u015faltmalar\u0131n\u0131 istedi. Do\u011fan Demircio\u011flu Sosyal Tesisleri\u2019nde faaliyet g\u00f6steren iki kul\u00fcbe gerek\u00e7e olarak, binan\u0131n Denizli B\u00fcy\u00fck\u015fehir Belediyesi Spor Daire Ba\u015fkanl\u0131\u011f\u0131\u2019na tahsis edilecek olmas\u0131 g\u00f6sterildi.<br \/>\n<br \/>Amat\u00f6r spor camias\u0131nda tepkilere neden olan karar\u0131n ard\u0131ndan tesislere giden \u0130Y\u0130 Parti Pamukkale \u0130l\u00e7e Ba\u015fkan\u0131 \u0130lmi K\u00f6se, Denizli B\u00fcy\u00fck\u015fehir Belediyesi y\u00f6neticilerine tepki g\u00f6sterdi. K\u00f6se, &#8220;Denizli B\u00fcy\u00fck\u015fehir Belediyesi b\u00fcnyesinde bulunan Do\u011fan Demircio\u011flu Sosyal Tesisleri\u2019nde faaliyet g\u00f6steren \u0130ncilip\u0131narg\u00fcc\u00fc ve \u0130stiklalspor amat\u00f6r kul\u00fcplerinden, tesisin Denizli B\u00fcy\u00fck\u015fehir Belediyesi Spor Daire Ba\u015fkanl\u0131\u011f\u0131\u2019na ihtiya\u00e7 oldu\u011fu gerek\u00e7esi ile bo\u015falt\u0131lmas\u0131n\u0131 istemi\u015fler. Bu tesiste, amat\u00f6r bran\u015flarda y\u00fczme, futbol ve basketbol olacak \u015fekilde 500 \u00f6\u011frencisi bulunmaktad\u0131r. Biz idareciler olarak \u00e7ocuklar\u0131m\u0131z\u0131 k\u00f6t\u00fc al\u0131\u015fkanl\u0131klardan uzak tutmak ad\u0131na sportif faaliyetleri art\u0131rmam\u0131z gerekirken, mevcudu da\u011f\u0131tma yolunu se\u00e7memizin do\u011fru de\u011fildir. Sosyal belediyecilik anlay\u0131\u015f\u0131 ile yola \u00e7\u0131kan anlay\u0131\u015f\u0131n, sosyal anlay\u0131\u015ftan uzak eylemlerde bulunmas\u0131 olduk\u00e7a \u00fcz\u00fcnt\u00fc vericidir&#8221; diye konu\u015ftu.<\/p>\n<p>&#8220;Denizlispor\u2019a vermedi\u011finiz destek gibi amat\u00f6rlere de destek vermeyin!&#8221;<br \/>\n<br \/>Bu durum kar\u015f\u0131s\u0131nda Denizli B\u00fcy\u00fck\u015fehir Belediye Ba\u015fkan\u0131 B\u00fclent Nuri \u00c7avu\u015fo\u011flu\u2019ndan kamuoyunun merak etti\u011fi baz\u0131 sorular\u0131 cevaplamas\u0131n\u0131 isteyen K\u00f6se, &#8220;Sosyal belediye, amat\u00f6r ruh ve halk\u0131m\u0131z nezdinde \u00f6nem arz etmektedir. Do\u011fan Demircio\u011flu Yerle\u015fkesi\u2019nde faaliyet g\u00f6steren amat\u00f6r kul\u00fcpler b\u00fcnyesindeki 500 \u00e7ocu\u011fumuzun nerede spor yapacaklar\u0131 konusunda yer tahsisi yapt\u0131n\u0131z m\u0131? Spor Daire Ba\u015fkanl\u0131\u011f\u0131\u2019n\u0131 yapacak ba\u015fka bir yer bulamad\u0131n\u0131z m\u0131? Spor Daire Ba\u015fkan\u0131n\u0131z\u0131n bu yerle\u015fkedeki y\u00f6neticiler ile \u015fahsi bir husumeti mi var? Spora ve sporculara verdi\u011finiz \u00f6nem s\u00f6zde de\u011fil \u00f6zde ve fiiliyatta olmas\u0131 gerekir. Denizlispor\u2019a vermedi\u011finiz deste\u011fi, amat\u00f6r sporlara da vermeyecek misiniz? Spor karde\u015fliktir, spor birle\u015ftiricidir. Spor bir \u015fehrin markas\u0131d\u0131r. \u00dclkemizin son d\u00f6nemlerde ya\u015fad\u0131\u011f\u0131 ayr\u0131\u015fmalar\u0131n sportif faaliyetler ile ortadan kalkaca\u011f\u0131n\u0131 bilmemiz gerekiyor. Spor, gen\u00e7lerimizi k\u00f6t\u00fc al\u0131\u015fkanl\u0131klardan uzak tutman\u0131n en kolay yoludur. Denizlispor\u2019a vermedi\u011finiz destek gibi amat\u00f6r spora da destek vermeyin!&#8221; \u015feklinde konu\u015ftu.<br \/><\/p>\n","protected":false},"excerpt":{"rendered":"<p>Denizli B\u00fcy\u00fck\u015fehir Belediyesi, 500 sporcusu bulunan 2 amat\u00f6r kul\u00fcpten 30 y\u0131ld\u0131r kulland\u0131klar\u0131 tesislerini bo\u015faltmas\u0131n\u0131 istedi. Tart\u0131\u015fmalara neden olan karara tepki i\u00e7in tesislere giden \u0130l\u00e7e Ba\u015fkan\u0131 \u0130lmi K\u00f6se, &#8220;Spor dairesi yapacak yer mi bulamad\u0131n\u0131z? Denizlispor\u2019a vermedi\u011finiz gibi amat\u00f6r spora da destek vermeyin!&#8221; dedi. Denizli B\u00fcy\u00fck\u015fehir Belediyesi, 500 sporcusu bulunan \u0130ncilip\u0131narg\u00fcc\u00fc ve \u0130stiklalspor amat\u00f6r kul\u00fcplerinden 30 y\u0131ld\u0131r&#8230;<\/p>\n","protected":false},"author":1,"featured_media":29842,"comment_status":"open","ping_status":"open","sticky":false,"template":"","format":"standard","meta":{"_crdt_document":"","footnotes":""},"categories":[4],"tags":[],"class_list":["post-29841","post","type-post","status-publish","format-standard","has-post-thumbnail","hentry","category-spor"],"_links":{"self":[{"href":"https:\/\/www.egemtv.com\/index.php?rest_route=\/wp\/v2\/posts\/29841","targetHints":{"allow":["GET"]}}],"collection":[{"href":"https:\/\/www.egemtv.com\/index.php?rest_route=\/wp\/v2\/posts"}],"about":[{"href":"https:\/\/www.egemtv.com\/index.php?rest_route=\/wp\/v2\/types\/post"}],"author":[{"embeddable":true,"href":"https:\/\/www.egemtv.com\/index.php?rest_route=\/wp\/v2\/users\/1"}],"replies":[{"embeddable":true,"href":"https:\/\/www.egemtv.com\/index.php?rest_route=%2Fwp%2Fv2%2Fcomments&post=29841"}],"version-history":[{"count":1,"href":"https:\/\/www.egemtv.com\/index.php?rest_route=\/wp\/v2\/posts\/29841\/revisions"}],"predecessor-version":[{"id":29843,"href":"https:\/\/www.egemtv.com\/index.php?rest_route=\/wp\/v2\/posts\/29841\/revisions\/29843"}],"wp:featuredmedia":[{"embeddable":true,"href":"https:\/\/www.egemtv.com\/index.php?rest_route=\/wp\/v2\/media\/29842"}],"wp:attachment":[{"href":"https:\/\/www.egemtv.com\/index.php?rest_route=%2Fwp%2Fv2%2Fmedia&parent=29841"}],"wp:term":[{"taxonomy":"category","embeddable":true,"href":"https:\/\/www.egemtv.com\/index.php?rest_route=%2Fwp%2Fv2%2Fcategories&post=29841"},{"taxonomy":"post_tag","embeddable":true,"href":"https:\/\/www.egemtv.com\/index.php?rest_route=%2Fwp%2Fv2%2Ftags&post=29841"}],"curies":[{"name":"wp","href":"https:\/\/api.w.org\/{rel}","templated":true}]}}