{"id":29832,"date":"2025-05-19T10:57:26","date_gmt":"2025-05-19T07:57:26","guid":{"rendered":"https:\/\/www.egemtv.com\/?p=29832"},"modified":"2025-05-19T10:57:31","modified_gmt":"2025-05-19T07:57:31","slug":"afyonkarahisarda-kurbanlik-hareketliligi-basladi","status":"publish","type":"post","link":"https:\/\/www.egemtv.com\/?p=29832","title":{"rendered":"Afyonkarahisar\u2019da kurbanl\u0131k hareketlili\u011fi ba\u015flad\u0131"},"content":{"rendered":"<p>Kurban Bayram\u0131\u2019n\u0131n yakla\u015fmas\u0131yla birlikte Afyonkarahisar genelinde kurbanl\u0131k hayvan sat\u0131\u015flar\u0131nda hareketlilik ba\u015flad\u0131. \u0130l genelinde b\u00fcy\u00fckba\u015f hayvan ortalama sat\u0131\u015f fiyatlar\u0131 ise 70 bin TL\u2019den ba\u015fl\u0131yor.<br \/>\n<br \/>Afyonkarahisar\u2019\u0131n en \u00f6nemli hayvan sat\u0131\u015f noktalar\u0131ndan biri olan \u00c7ay\u0131rba\u011f Hayvan Pazar\u0131, b\u00f6lgenin en b\u00fcy\u00fck ve en hareketli pazarlar\u0131ndan biri olarak \u00f6ne \u00e7\u0131k\u0131yor. Pazarda hareketlilik, sabah\u0131n ilk \u0131\u015f\u0131klar\u0131yla ba\u015fl\u0131yor ve \u00f6\u011fle saatlerine kadar yo\u011fun \u015fekilde devam ediyor. Pazara erken saatlerde gelen al\u0131c\u0131lar, geni\u015f hayvan \u00e7e\u015fitlili\u011fi aras\u0131nda istedikleri \u00f6zelliklerdeki kurbanl\u0131klar\u0131 se\u00e7me imkan\u0131 buluyor. Sat\u0131c\u0131lar, fiyatlar\u0131n hayvanlar\u0131n sa\u011fl\u0131k durumu, ya\u015f\u0131, cinsi ve beslenme kalitesine g\u00f6re de\u011fi\u015fti\u011fini belirtiyor. Son d\u00f6nemde yem fiyatlar\u0131ndaki art\u0131\u015flar ve bak\u0131m maliyetlerinin y\u00fckselmesi nedeniyle hayvan fiyatlar\u0131n\u0131n \u00f6nceki y\u0131llara g\u00f6re artt\u0131\u011f\u0131 ifade ediliyor. Kurbanl\u0131k alacak vatanda\u015flar ise hem fiyat hem de kalite a\u00e7\u0131s\u0131ndan titiz davran\u0131yor. Sat\u0131c\u0131larla pazarl\u0131k yaparak b\u00fct\u00e7elerine uygun ve sa\u011fl\u0131kl\u0131 hayvanlar almaya \u00e7al\u0131\u015f\u0131yorlar. \u00d6zellikle b\u00fcy\u00fckba\u015f hayvanlar\u0131n kilosu, g\u00f6r\u00fcn\u00fcm\u00fc ve hareket kabiliyeti se\u00e7imde \u00f6nemli kriterler aras\u0131nda yer al\u0131yor. \u00c7ay\u0131rba\u011f Hayvan Pazar\u0131\u2019n\u0131n yan\u0131 s\u0131ra Afyonkarahisar\u2019\u0131n di\u011fer hayvan sat\u0131\u015f noktalar\u0131nda da yo\u011funluk ya\u015fan\u0131yor.<br \/>\n<br \/>Kurbanl\u0131k sat\u0131c\u0131s\u0131 Mehmet \u015eahin, kurbanl\u0131k sat\u0131\u015f\u0131n\u0131n ba\u015flad\u0131\u011f\u0131n\u0131 ifade etti. \u015eahin, &#8220;Kurbanl\u0131klar\u0131m\u0131z \u015fu an 70 bin ile 150 bin TL aras\u0131nda sat\u0131l\u0131yor. Afyonkarahisar \u00c7ay\u0131rba\u011f hayvan pazar\u0131nda her t\u00fcrl\u00fc kurbanl\u0131k bulunuyor&#8221; dedi.<br \/><\/p>\n","protected":false},"excerpt":{"rendered":"<p>Kurban Bayram\u0131\u2019n\u0131n yakla\u015fmas\u0131yla birlikte Afyonkarahisar genelinde kurbanl\u0131k hayvan sat\u0131\u015flar\u0131nda hareketlilik ba\u015flad\u0131. \u0130l genelinde b\u00fcy\u00fckba\u015f hayvan ortalama sat\u0131\u015f fiyatlar\u0131 ise 70 bin TL\u2019den ba\u015fl\u0131yor. Afyonkarahisar\u2019\u0131n en \u00f6nemli hayvan sat\u0131\u015f noktalar\u0131ndan biri olan \u00c7ay\u0131rba\u011f Hayvan Pazar\u0131, b\u00f6lgenin en b\u00fcy\u00fck ve en hareketli pazarlar\u0131ndan biri olarak \u00f6ne \u00e7\u0131k\u0131yor. Pazarda hareketlilik, sabah\u0131n ilk \u0131\u015f\u0131klar\u0131yla ba\u015fl\u0131yor ve \u00f6\u011fle saatlerine kadar&#8230;<\/p>\n","protected":false},"author":1,"featured_media":29833,"comment_status":"open","ping_status":"open","sticky":false,"template":"","format":"standard","meta":{"_crdt_document":"","footnotes":""},"categories":[125],"tags":[],"class_list":["post-29832","post","type-post","status-publish","format-standard","has-post-thumbnail","hentry","category-ekonomi"],"_links":{"self":[{"href":"https:\/\/www.egemtv.com\/index.php?rest_route=\/wp\/v2\/posts\/29832","targetHints":{"allow":["GET"]}}],"collection":[{"href":"https:\/\/www.egemtv.com\/index.php?rest_route=\/wp\/v2\/posts"}],"about":[{"href":"https:\/\/www.egemtv.com\/index.php?rest_route=\/wp\/v2\/types\/post"}],"author":[{"embeddable":true,"href":"https:\/\/www.egemtv.com\/index.php?rest_route=\/wp\/v2\/users\/1"}],"replies":[{"embeddable":true,"href":"https:\/\/www.egemtv.com\/index.php?rest_route=%2Fwp%2Fv2%2Fcomments&post=29832"}],"version-history":[{"count":1,"href":"https:\/\/www.egemtv.com\/index.php?rest_route=\/wp\/v2\/posts\/29832\/revisions"}],"predecessor-version":[{"id":29834,"href":"https:\/\/www.egemtv.com\/index.php?rest_route=\/wp\/v2\/posts\/29832\/revisions\/29834"}],"wp:featuredmedia":[{"embeddable":true,"href":"https:\/\/www.egemtv.com\/index.php?rest_route=\/wp\/v2\/media\/29833"}],"wp:attachment":[{"href":"https:\/\/www.egemtv.com\/index.php?rest_route=%2Fwp%2Fv2%2Fmedia&parent=29832"}],"wp:term":[{"taxonomy":"category","embeddable":true,"href":"https:\/\/www.egemtv.com\/index.php?rest_route=%2Fwp%2Fv2%2Fcategories&post=29832"},{"taxonomy":"post_tag","embeddable":true,"href":"https:\/\/www.egemtv.com\/index.php?rest_route=%2Fwp%2Fv2%2Ftags&post=29832"}],"curies":[{"name":"wp","href":"https:\/\/api.w.org\/{rel}","templated":true}]}}