{"id":29829,"date":"2025-05-19T10:57:23","date_gmt":"2025-05-19T07:57:23","guid":{"rendered":"https:\/\/www.egemtv.com\/?p=29829"},"modified":"2025-05-19T10:57:26","modified_gmt":"2025-05-19T07:57:26","slug":"fethiyede-akaryakit-istasyonundaki-gasp-ani-kameralara-yansidi","status":"publish","type":"post","link":"https:\/\/www.egemtv.com\/?p=29829","title":{"rendered":"Fethiye\u2019de akaryak\u0131t istasyonundaki gasp an\u0131 kameralara yans\u0131d\u0131"},"content":{"rendered":"<p>Mu\u011fla\u2019n\u0131n Fethiye il\u00e7esinde bir akaryak\u0131t istasyonunda ya\u015fanan gasp ve darp olay\u0131, g\u00fcvenlik kameralar\u0131na saniye saniye yans\u0131d\u0131.<br \/>\n<br \/>Olay, Esenk\u00f6y Mahallesi\u2019ndeki bir akaryak\u0131t istasyonunda meydana geldi. Edinilen bilgiye g\u00f6re, kimli\u011fi hen\u00fcz belirlenemeyen \u00fc\u00e7 \u015fah\u0131s, ara\u00e7la istasyona gelen kad\u0131n m\u00fc\u015fteriye sald\u0131rd\u0131. Marketin i\u00e7inde ya\u015fanan arbede s\u0131ras\u0131nda kad\u0131n yere d\u00fc\u015ferken sald\u0131rganlar kad\u0131n\u0131 darbetti. Olay\u0131 ay\u0131rmak isteyen bir market \u00e7al\u0131\u015fan\u0131 da sald\u0131r\u0131ya u\u011frad\u0131. Sald\u0131rganlar, darbettikleri kad\u0131na ait arac\u0131 da gasbederek h\u0131zla olay yerinden uzakla\u015ft\u0131. Ya\u015fanan anlar, g\u00fcvenlik kameras\u0131 g\u00f6r\u00fcnt\u00fclerine yans\u0131d\u0131. \u0130hbar \u00fczerine olay yerine gelen polis ekipleri, sald\u0131rganlar\u0131 yakalamak i\u00e7in geni\u015f \u00e7apl\u0131 ara\u015ft\u0131rma ba\u015flatt\u0131.<br \/>\n<br \/>Olayla ilgili soru\u015fturma s\u00fcr\u00fcyor.<br \/><\/p>\n","protected":false},"excerpt":{"rendered":"<p>Mu\u011fla\u2019n\u0131n Fethiye il\u00e7esinde bir akaryak\u0131t istasyonunda ya\u015fanan gasp ve darp olay\u0131, g\u00fcvenlik kameralar\u0131na saniye saniye yans\u0131d\u0131. Olay, Esenk\u00f6y Mahallesi\u2019ndeki bir akaryak\u0131t istasyonunda meydana geldi. Edinilen bilgiye g\u00f6re, kimli\u011fi hen\u00fcz belirlenemeyen \u00fc\u00e7 \u015fah\u0131s, ara\u00e7la istasyona gelen kad\u0131n m\u00fc\u015fteriye sald\u0131rd\u0131. Marketin i\u00e7inde ya\u015fanan arbede s\u0131ras\u0131nda kad\u0131n yere d\u00fc\u015ferken sald\u0131rganlar kad\u0131n\u0131 darbetti. Olay\u0131 ay\u0131rmak isteyen bir market \u00e7al\u0131\u015fan\u0131&#8230;<\/p>\n","protected":false},"author":1,"featured_media":29830,"comment_status":"open","ping_status":"open","sticky":false,"template":"","format":"standard","meta":{"_crdt_document":"","footnotes":""},"categories":[5],"tags":[],"class_list":["post-29829","post","type-post","status-publish","format-standard","has-post-thumbnail","hentry","category-asayis"],"_links":{"self":[{"href":"https:\/\/www.egemtv.com\/index.php?rest_route=\/wp\/v2\/posts\/29829","targetHints":{"allow":["GET"]}}],"collection":[{"href":"https:\/\/www.egemtv.com\/index.php?rest_route=\/wp\/v2\/posts"}],"about":[{"href":"https:\/\/www.egemtv.com\/index.php?rest_route=\/wp\/v2\/types\/post"}],"author":[{"embeddable":true,"href":"https:\/\/www.egemtv.com\/index.php?rest_route=\/wp\/v2\/users\/1"}],"replies":[{"embeddable":true,"href":"https:\/\/www.egemtv.com\/index.php?rest_route=%2Fwp%2Fv2%2Fcomments&post=29829"}],"version-history":[{"count":1,"href":"https:\/\/www.egemtv.com\/index.php?rest_route=\/wp\/v2\/posts\/29829\/revisions"}],"predecessor-version":[{"id":29831,"href":"https:\/\/www.egemtv.com\/index.php?rest_route=\/wp\/v2\/posts\/29829\/revisions\/29831"}],"wp:featuredmedia":[{"embeddable":true,"href":"https:\/\/www.egemtv.com\/index.php?rest_route=\/wp\/v2\/media\/29830"}],"wp:attachment":[{"href":"https:\/\/www.egemtv.com\/index.php?rest_route=%2Fwp%2Fv2%2Fmedia&parent=29829"}],"wp:term":[{"taxonomy":"category","embeddable":true,"href":"https:\/\/www.egemtv.com\/index.php?rest_route=%2Fwp%2Fv2%2Fcategories&post=29829"},{"taxonomy":"post_tag","embeddable":true,"href":"https:\/\/www.egemtv.com\/index.php?rest_route=%2Fwp%2Fv2%2Ftags&post=29829"}],"curies":[{"name":"wp","href":"https:\/\/api.w.org\/{rel}","templated":true}]}}