{"id":29826,"date":"2025-05-19T10:37:37","date_gmt":"2025-05-19T07:37:37","guid":{"rendered":"https:\/\/www.egemtv.com\/?p=29826"},"modified":"2025-05-19T10:37:41","modified_gmt":"2025-05-19T07:37:41","slug":"depremde-kurtarilan-kopek-datcadaki-yeni-hayatina-devam-ediyor","status":"publish","type":"post","link":"https:\/\/www.egemtv.com\/?p=29826","title":{"rendered":"Depremde kurtar\u0131lan k\u00f6pek, Dat\u00e7a\u2019daki yeni hayat\u0131na devam ediyor"},"content":{"rendered":"<p>Ge\u00e7ti\u011fimiz y\u0131llarda ya\u015fanan Kahramanmara\u015f merkezli depremlerde Antakya\u2019da g\u00f6rev yapan Dat\u00e7a MAG AME (Mahalle Afet G\u00f6n\u00fcll\u00fcleri Acil M\u00fcdahale Derne\u011fi) ekipleri, arama kurtarma \u00e7al\u0131\u015fmalar\u0131nda enkazdan bir k\u00f6pe\u011fi sa\u011f olarak \u00e7\u0131kard\u0131. Ya\u015fama tutunan ve Dat\u00e7a\u2019ya getirilen k\u00f6pek tedavisinin ard\u0131ndan ekipteki bir g\u00f6n\u00fcll\u00fc taraf\u0131ndan sahiplenildi.<br \/>\n<br \/>K\u00f6pek, kurtar\u0131ld\u0131ktan sonra ekiple birlikte Dat\u00e7a\u2019ya getirilerek haftalarca tedavi g\u00f6rd\u00fc ve sa\u011fl\u0131\u011f\u0131na kavu\u015ftu. Arama kurtarma ekibinde \u00e7al\u0131\u015fan bir g\u00f6n\u00fcll\u00fc taraf\u0131ndan sahiplenilen k\u00f6pek, sevimli halleriyle hem kurtar\u0131c\u0131lar\u0131n\u0131n hem de t\u00fcm ekibin g\u00f6nl\u00fcne taht kurdu. Zorlu g\u00f6revlerin ard\u0131ndan kurulan duygusal ba\u011f, arama kurtarma \u00e7al\u0131\u015fmalar\u0131n\u0131n sadece hayat kurtarmakla kalmad\u0131\u011f\u0131n\u0131, ayn\u0131 zamanda umut dolu yeni hikayelere kap\u0131 aralad\u0131\u011f\u0131n\u0131 bir kez daha g\u00f6sterdi. Dat\u00e7a MAG AME ekibi, k\u00f6pe\u011fin hikayesini her e\u011fitimde ve etkinlikte payla\u015farak hem afet bilincini art\u0131rmay\u0131 hem de g\u00f6n\u00fcll\u00fcl\u00fc\u011f\u00fcn ne kadar derin ve insani boyutlar ta\u015f\u0131d\u0131\u011f\u0131n\u0131 anlatmay\u0131 s\u00fcrd\u00fcr\u00fcyor.<br \/><\/p>\n","protected":false},"excerpt":{"rendered":"<p>Ge\u00e7ti\u011fimiz y\u0131llarda ya\u015fanan Kahramanmara\u015f merkezli depremlerde Antakya\u2019da g\u00f6rev yapan Dat\u00e7a MAG AME (Mahalle Afet G\u00f6n\u00fcll\u00fcleri Acil M\u00fcdahale Derne\u011fi) ekipleri, arama kurtarma \u00e7al\u0131\u015fmalar\u0131nda enkazdan bir k\u00f6pe\u011fi sa\u011f olarak \u00e7\u0131kard\u0131. Ya\u015fama tutunan ve Dat\u00e7a\u2019ya getirilen k\u00f6pek tedavisinin ard\u0131ndan ekipteki bir g\u00f6n\u00fcll\u00fc taraf\u0131ndan sahiplenildi. K\u00f6pek, kurtar\u0131ld\u0131ktan sonra ekiple birlikte Dat\u00e7a\u2019ya getirilerek haftalarca tedavi g\u00f6rd\u00fc ve sa\u011fl\u0131\u011f\u0131na kavu\u015ftu. Arama&#8230;<\/p>\n","protected":false},"author":1,"featured_media":29827,"comment_status":"open","ping_status":"open","sticky":false,"template":"","format":"standard","meta":{"_crdt_document":"","footnotes":""},"categories":[1],"tags":[],"class_list":["post-29826","post","type-post","status-publish","format-standard","has-post-thumbnail","hentry","category-guncel"],"_links":{"self":[{"href":"https:\/\/www.egemtv.com\/index.php?rest_route=\/wp\/v2\/posts\/29826","targetHints":{"allow":["GET"]}}],"collection":[{"href":"https:\/\/www.egemtv.com\/index.php?rest_route=\/wp\/v2\/posts"}],"about":[{"href":"https:\/\/www.egemtv.com\/index.php?rest_route=\/wp\/v2\/types\/post"}],"author":[{"embeddable":true,"href":"https:\/\/www.egemtv.com\/index.php?rest_route=\/wp\/v2\/users\/1"}],"replies":[{"embeddable":true,"href":"https:\/\/www.egemtv.com\/index.php?rest_route=%2Fwp%2Fv2%2Fcomments&post=29826"}],"version-history":[{"count":1,"href":"https:\/\/www.egemtv.com\/index.php?rest_route=\/wp\/v2\/posts\/29826\/revisions"}],"predecessor-version":[{"id":29828,"href":"https:\/\/www.egemtv.com\/index.php?rest_route=\/wp\/v2\/posts\/29826\/revisions\/29828"}],"wp:featuredmedia":[{"embeddable":true,"href":"https:\/\/www.egemtv.com\/index.php?rest_route=\/wp\/v2\/media\/29827"}],"wp:attachment":[{"href":"https:\/\/www.egemtv.com\/index.php?rest_route=%2Fwp%2Fv2%2Fmedia&parent=29826"}],"wp:term":[{"taxonomy":"category","embeddable":true,"href":"https:\/\/www.egemtv.com\/index.php?rest_route=%2Fwp%2Fv2%2Fcategories&post=29826"},{"taxonomy":"post_tag","embeddable":true,"href":"https:\/\/www.egemtv.com\/index.php?rest_route=%2Fwp%2Fv2%2Ftags&post=29826"}],"curies":[{"name":"wp","href":"https:\/\/api.w.org\/{rel}","templated":true}]}}