{"id":29823,"date":"2025-05-19T10:37:33","date_gmt":"2025-05-19T07:37:33","guid":{"rendered":"https:\/\/www.egemtv.com\/?p=29823"},"modified":"2025-05-19T10:37:37","modified_gmt":"2025-05-19T07:37:37","slug":"dto-uyeleri-sektor-gunlerinde-girisimcilik-hikayelerini-anlatti","status":"publish","type":"post","link":"https:\/\/www.egemtv.com\/?p=29823","title":{"rendered":"DTO \u00fcyeleri \u2018Sekt\u00f6r G\u00fcnleri\u2019nde giri\u015fimcilik hikayelerini anlatt\u0131"},"content":{"rendered":"<p>Denizli Ticaret Odas\u0131 (DTO) Y\u00f6netim Kurulu \u00dcyesi Kemal Tuncer ile T\u00fcrkiye Odalar ve Borsalar Birli\u011fi (TOBB) Denizli Kad\u0131n Giri\u015fimciler Kurulu (KGK) \u0130l \u0130cra Komitesi Ba\u015fkan\u0131 Ayla Ta\u015f\u00e7\u0131o\u011flu ve TOBB Denizli Gen\u00e7 Giri\u015fimciler Kurulu (GGK) \u0130l \u0130cra Komitesi Ba\u015fkan\u0131 Bekir \u00c7ak\u0131r, \u00fcniversite gen\u00e7li\u011fi ile bulu\u015ftu\u011fu Pamukkale \u00dcniversitesi (PA\u00dc) \u0130ktisadi ve \u0130dari Bilimler Fak\u00fcltesi (\u0130\u0130BF) Sekt\u00f6r \u00d6\u011frenci Bulu\u015fmalar\u0131 2025 Sekt\u00f6r G\u00fcnleri\u2019nde, mesleki ve sekt\u00f6rel bilgi ve tecr\u00fcbelerini aktard\u0131.<\/p>\n<p>Giri\u015fimcilik temal\u0131 konferans, b\u00fcy\u00fck ilgi g\u00f6rd\u00fc. DTO Ba\u015fkan\u0131 U\u011fur Erdo\u011fan, gen\u00e7li\u011fi \u00f6nemsediklerini ve nitelikli e\u011fitim almalar\u0131 ile \u00e7ok iyi yeti\u015fmeleri i\u00e7in her t\u00fcrl\u00fc deste\u011fi sa\u011flad\u0131klar\u0131n\u0131, bu t\u00fcr organizasyonlar\u0131 da bu kapsamda \u00f6nemli ve de\u011ferli birer etkinlik olarak g\u00f6rd\u00fcklerini belirtti. Erdo\u011fan, &#8220;Her f\u0131rsatta, bir veya birka\u00e7 isimle bu t\u00fcr organizasyonlara kat\u0131l\u0131m sa\u011fl\u0131yoruz. Tecr\u00fcbelerimizi payla\u015f\u0131yoruz ki ba\u015far\u0131l\u0131 giri\u015fimler ile hayat hikayeleri, gen\u00e7lerimize \u00f6rnek olsun ve giri\u015fimcilik ba\u011flam\u0131nda ufkunu a\u00e7s\u0131n istiyoruz. Arkada\u015flar\u0131m\u0131z ayr\u0131ca, DTO\u2019nun faaliyetlerini de aktar\u0131p kat\u0131l\u0131mc\u0131lar\u0131n sorular\u0131n\u0131 yan\u0131tl\u0131yorlar. Onun i\u00e7in olduk\u00e7a verimli ge\u00e7ti\u011fini d\u00fc\u015f\u00fcn\u00fcyorum. Ba\u015fta arkada\u015flar\u0131m\u0131z olmak \u00fczere eme\u011fi ve katk\u0131s\u0131 olanlara te\u015fekk\u00fcr ediyorum. Gen\u00e7lerimize bu konudaki katk\u0131m\u0131z\u0131n, \u00fclkemizin gelece\u011fine yap\u0131lan en b\u00fcy\u00fck yat\u0131r\u0131m oldu\u011funa inan\u0131yoruz. Yar\u0131nlar\u0131m\u0131z\u0131 emin ellere emanet etmek i\u00e7in g\u00f6sterdi\u011fimiz \u00e7abam\u0131z\u0131 kesintisiz s\u00fcrd\u00fcrece\u011fiz&#8221; dedi.<br \/>\n<br \/>Pamukkale \u00dcniversitesi (PA\u00dc) \u0130ktisadi ve \u0130dari Bilimler Fak\u00fcltesi (\u0130\u0130BF) Sekt\u00f6r \u00d6\u011frenci Bulu\u015fmalar\u0131 2025 Sekt\u00f6r G\u00fcnleri kapsam\u0131nda ger\u00e7ekle\u015ftirilen Giri\u015fimcilik temal\u0131 oturumda, DTO\u2019nun Y\u00f6netim Kurulu Muhasip \u00dcyesi Kemal Tuncer ile TOBB Denizli KGK \u0130l \u0130cra Komitesi Ba\u015fkan\u0131 Ayla Ta\u015f\u00e7\u0131o\u011flu ve TOBB Denizli GGK \u0130l \u0130cra Komitesi Ba\u015fkan\u0131 Bekir \u00c7ak\u0131r\u2019\u0131n yan\u0131 s\u0131ra PA\u00dc\u2019den mezun giri\u015fimciler Ortado\u011fu Sanayi ve Ticaret Merkezi (OST\u0130M) OSB M\u00fcd\u00fcrl\u00fc\u011f\u00fc Dijital D\u00f6n\u00fc\u015f\u00fcm Ofisi Koordinat\u00f6r\u00fc \u00c7a\u011flar \u00d6ng\u00fcner ile IQVizyon Dijital D\u00f6n\u00fc\u015f\u00fcm A\u015e Y\u00f6netici Orta\u011f\u0131 Emre Hekim, \u0130\u0130BF A Blok \u015eehit Piyade Te\u011fmen Bekir Can Kerek Konferans Salonu\u2019nda bir araya geldi\u011fi \u00fcniversite gen\u00e7li\u011fi ile, sekt\u00f6rel bilgi ve birikimlerini payla\u015ft\u0131. Giri\u015fimcili\u011fin faydalar\u0131, zorluklar\u0131, sekt\u00f6rlerin gelece\u011fi, giri\u015fimciler ile \u00e7al\u0131\u015fanlarda gereken ve aranan niteliklerinin i\u015flendi\u011fi konferans, kat\u0131l\u0131mc\u0131lar\u0131n k\u0131sa birer selamlama konu\u015fmas\u0131yla kendilerini tan\u0131tmalar\u0131yla ba\u015flad\u0131.<\/p>\n<p>DTO\u2019nun y\u00f6neticileri, sekt\u00f6rel ve mesleki birikimlerini aktard\u0131<br \/>\n<br \/>Konu\u015fmac\u0131lar, ikinci b\u00f6l\u00fcmde ise sekt\u00f6rel faaliyetlerini aktararak kat\u0131l\u0131mc\u0131lar\u0131n sorular\u0131n\u0131 yan\u0131tlad\u0131lar. Etkinlik, gen\u00e7lerden b\u00fcy\u00fck ilgi g\u00f6rd\u00fc. Prof. Dr. Sabahat Bayrak K\u00f6k\u2019\u00fcn sunumlar\u0131yla giri\u015fimcilik hikayelerini anlatan konuklardan DTO\u2019nun Muhasip Y\u00f6netim Kurulu \u00dcyesi Kemal Tuncer, gen\u00e7lere baz\u0131 tavsiyelerde bulundu ve DTO\u2019nun giri\u015fimcilik konusundaki icraatlar\u0131n\u0131 aktard\u0131. Tuncer, &#8220;\u00d6ncelikle, b\u00f6yle k\u00f6kl\u00fc bir \u00e7at\u0131 alt\u0131nda gen\u00e7lerle beraber olmak hem \u00e7ok keyifli hem de \u00e7ok heyecan verici. S\u00f6zlerime, \u00e7o\u011funuzun yak\u0131ndan takip etti\u011fine ve tan\u0131d\u0131\u011f\u0131na inand\u0131\u011f\u0131m Denizli Ticaret Odas\u0131 Ba\u015fkan\u0131m\u0131z U\u011fur Erdo\u011fan\u2019\u0131n sizlere selamlar\u0131n\u0131 ileterek ba\u015flamak istiyorum. Bug\u00fcn ben de ba\u015fkan vekili olarak burada bulunuyorum; odan\u0131n y\u00f6netim kurulunun sayman \u00fcyesiyim. 1997 y\u0131l\u0131nda \u0130stanbul \u00dcniversitesi\u2019ni bitirdim. E\u011fitim ve sa\u011fl\u0131k sekt\u00f6r\u00fcnde faaliyet g\u00f6steren iki \u015firketin kurucusuyum. Birini 2007\u2019de, di\u011ferini de 2019 y\u0131l\u0131nda kurduk yani daha yeni, taze bir \u015firket. Ailem, klasik bir T\u00fcrk ailesiydi; 4 ki\u015filik \u00e7ekirdek aileydi. Sevgili babam, devlet memuruydu. Annem ev han\u0131m\u0131yd\u0131. Hi\u00e7 unutmuyorum; 2007\u2019de ilk kendi i\u015fimi ve \u015firketimi kurdu\u011fumda, ilk senesinde \u00f6zellikle sevgili babam\u0131n \u2018\u00c7ok yoruluyorsun; ne gerek var? Devlete ge\u00e7sen daha m\u0131 iyi olur acaba?\u2019 gibi c\u00fcmleleriyle kar\u015f\u0131la\u015ft\u0131m. Size e\u011fer bir tavsiyem olacaksa s\u00f6ylemek istedi\u011fim \u015fu; en \u00f6nemli \u015fey ne yap\u0131yorsan\u0131z yap\u0131n i\u015finizi iyi yapmaya \u00e7al\u0131\u015f\u0131n. Giri\u015fimci olmak \u00e7ok k\u0131ymetli. \u00c7al\u0131\u015f\u0131rken de i\u015f yeri sahibi oldu\u011funuzda da giri\u015fimci bir ruha ve vizyona sahip olmak, bulundu\u011funuz kurumlarda da bulundu\u011funuz \u015firketlerde de sizi mutlaka \u00f6ne \u00e7\u0131kart\u0131r. Sizi daha ba\u015far\u0131l\u0131 k\u0131lar ve daha g\u00f6r\u00fcn\u00fcr hale getirir. 2007\u2019ye kadar 7-8 y\u0131l bir yerde, \u00fcstelik de tek bir yerde \u00e7al\u0131\u015ft\u0131m. \u00c7a\u011f de\u011fi\u015fti daha da de\u011fi\u015fiyor; yeni neslin h\u0131zl\u0131 hayat alg\u0131s\u0131 bazen belki de sab\u0131rs\u0131zl\u0131\u011f\u0131na bakt\u0131\u011f\u0131m\u0131zda bu uzun bir s\u00fcre gibi. Ben, \u00e7al\u0131\u015f\u0131rken mutlu olmaya ve yapt\u0131\u011f\u0131m i\u015ften keyif almaya dikkat ediyordum. 18 y\u0131ld\u0131r bir i\u015fverenim ve \u00e7al\u0131\u015fanlar\u0131m var. Bu \u00e7ok g\u00fczel ve keyifli bir durum. Giri\u015fimci olmak ve kendi i\u015finin sahibi olmak, her anlamda \u00e7ok g\u00fczel. Hem toplumda katma de\u011fer sa\u011fl\u0131yorsun hem de bir anlamda kendini ve becerilerini ispatl\u0131yorsun. Ben, insanlar\u0131 \u00f6\u011frenmeyle, onlar\u0131 bilmeyle ilgileniyorum ve psikolojisini \u00f6nemsiyorum. O y\u00fczden de umut kavram\u0131n\u0131 hep vurguluyorum. Fakat her \u015feye toz pembe bakan yani ger\u00e7ek\u00e7ilikten uzak bir umuttan da bahsetmiyorum; umutlu olmak demek benim s\u00f6zl\u00fc\u011f\u00fcmde eylemci olmak, edilgen olmak demek. \u00c7\u00fcnk\u00fc umutlu insan aktif insand\u0131r; umutlu insan ara\u015ft\u0131rmaya devam eden ve vazge\u00e7meyen insand\u0131r. Herkes ayn\u0131 \u015fartlara ve \u015fansa sahip olmuyor; bunu biliyoruz Herkesin zorluklar\u0131 ve y\u00fckleri farkl\u0131 ama umutlu oldu\u011fumuz m\u00fcddet\u00e7e hep bir \u00e7\u0131k\u0131\u015f yolu bulunaca\u011f\u0131na inan\u0131yorum. 20 y\u0131l \u00f6nce de \u00e7al\u0131\u015fmak \u00e7ok \u00f6nemliydi bug\u00fcn de \u00e7ok \u00f6nemli! Ne olursa olsun 20 y\u0131l sonra da ayn\u0131 \u015fey olacak! Yani \u00e7al\u0131\u015fmadan ve azimli olmadan kazanamazs\u0131n\u0131z! Mesela ben y\u0131llar sonra ilk \u00f6\u011frenci oldu\u011fum \u0130stanbul \u00dcniversitesi\u2019ne tekrar kaydoldum. 2 program\u0131yla, kendime yeni bir y\u00f6n \u00e7izdim ve i\u015fletme okumaya ba\u015flad\u0131m. Finansal okur yazarl\u0131\u011f\u0131 olan insanlar, giri\u015fimlerini iyi bir noktaya getirirler \u00e7\u00fcnk\u00fc i\u015f kurmak ve giri\u015fimde bulunmak esas\u0131nda o kadar da zor de\u011fil fakat s\u00fcrd\u00fcrebilirli\u011fini sa\u011flamak bundan daha da \u00f6nemli. T\u00fcrkiye\u2019de a\u00e7\u0131lan i\u015f yerlerinin 5 y\u0131lda \u00f6nemli bir k\u0131s\u0131m kapan\u0131yor veya el de\u011fi\u015ftiriyor; ortalama olarak s\u00f6yl\u00fcyorum bunu. Mesela siz bu konuda uzman olacaks\u0131n\u0131z. Hangi i\u015fi yaparsan\u0131z yap\u0131n mutlaka finansal okuryazarl\u0131kla ilgilenin; mutlaka finans ve bilan\u00e7o bilgisine sahip olmak, \u015firketlerinizin gelir gider tablolar\u0131na h\u00e2kim olmak durumundas\u0131n\u0131z. Sonu\u00e7 olarak donan\u0131ml\u0131 olursan\u0131z ba\u015far\u0131l\u0131 da olursunuz, mutlu da olursunuz&#8221; diye konu\u015ftu.<br \/>\n<br \/>Tuncer ayr\u0131ca gen\u00e7leri, i\u015f ve meslek geli\u015fimlerini tamamlayabilmeleri i\u00e7in mentorl\u00fck ba\u011flam\u0131nda, kendileriyle ba\u011flant\u0131 kurmaya ve Denizli Ticaret Odas\u0131\u2019ndan destek almaya \u00e7a\u011f\u0131rd\u0131.<\/p>\n<p>TOBB Denizli KGK \u0130l \u0130cra Komitesi Ba\u015fkan\u0131 Ayla Ta\u015f\u00e7\u0131o\u011flu da tekstil sekt\u00f6r\u00fcnden gelen biri olarak Denizlili yat\u0131r\u0131mc\u0131lar\u0131n b\u00fcy\u00fck bir b\u00f6l\u00fcm\u00fcn\u00fc ve \u00e7al\u0131\u015fma \u015fartlar\u0131 ile ba\u015far\u0131 \u00f6yk\u00fclerini \u00e7ok iyi bildi\u011fini belirtti ve her ge\u00e7en g\u00fcn yeni bir \u015fey \u00f6\u011frendi\u011fini ifade etti. Ta\u015f\u00e7\u0131o\u011flu, &#8220;\u00d6zel butik i\u015fler yapan bir firmam var. Ege \u00dcniversitesi\u2019nin tekstil b\u00f6l\u00fcm\u00fcnden mezunum. Yakla\u015f\u0131k 2000 senesinden beri sekt\u00f6rdeyim; bunun ilk 13 senesini farkl\u0131 sekt\u00f6rler ve farkl\u0131 birimlerde, \u00f6ncelikle \u00fcretim sat\u0131\u015f daha sonras\u0131nda pazarlama daha sonras\u0131nda da yurtd\u0131\u015f\u0131 pazarlama gibi i\u015flerde \u00e7al\u0131\u015farak ge\u00e7irdim. Amac\u0131m kendi firmam\u0131 kurup kendi i\u015fimin sahibi olmakt\u0131. Onun i\u00e7in bu i\u015fin mutfa\u011f\u0131ndan sonuna kadar t\u00fcm bile\u015fenleriyle sekt\u00f6r\u00fc \u00f6\u011frenip i\u015fe ba\u015flamak istedim. Tabii ki t\u00fcm detaylar\u0131yla \u00f6\u011frenmek m\u00fcmk\u00fcn de\u011fildi ama genel hatlar\u0131yla yapt\u0131\u011f\u0131m i\u015fin ne oldu\u011funu daha iyi anlayabilmek i\u00e7in nas\u0131l sat\u0131labildi\u011fini, hangi \u00fcr\u00fcnlerin hangi pazarlarda bulunabildi\u011fini, bunun ile ilgili pazar ara\u015ft\u0131rmalar\u0131n\u0131 takip ettim. Yani yapt\u0131\u011f\u0131n\u0131z i\u015fle ilgili bilginiz olmazsa siz onunla ilgili pazarlama faaliyetinde de bulunamazs\u0131n\u0131z! 2013 senesinden beri kendi \u015firketimi y\u00f6netiyorum. \u0130\u015fime \u00e7ok k\u00fc\u00e7\u00fck ba\u015flad\u0131m; evimin bir odas\u0131nda ba\u015flad\u0131m. Ve kendi belirledi\u011fim \u00e7izgide ilerledim. Ben \u015funa inan\u0131yorum; hepimizin ticari hedefleri oluyor ama \u00f6ncelikle biz ne istiyoruz ve hangi \u015fartlarda bunlar\u0131 yapabiliriz onu d\u00fc\u015f\u00fcn\u00fcp planlamal\u0131y\u0131z. Ya da hayallerimiz var ve bir tarafta da ger\u00e7ekler var Hayalleri ger\u00e7ekle\u015ftirmek ise \u00e7ok zor ama mutlaka bunun bir yolu var; buna inan\u0131n! Belki tekstil sekt\u00f6r\u00fcn\u00fcn dinami\u011fi gere\u011fi s\u00fcrekli farkl\u0131 sorunlarla kar\u015f\u0131la\u015f\u0131yoruz ve bu \u00e7ok b\u00fcy\u00fck sorunlar da olabiliyor. Fakat e\u011fer kendiniz bir \u015feyler yapmak istiyorsan\u0131z ve ger\u00e7ekten giri\u015fimciyseniz asla vazge\u00e7meyecek, pes etmeyeceksiniz. G\u00fcn ge\u00e7tik\u00e7e ticaret t\u00fcm sekt\u00f6rler i\u00e7in daha da zorla\u015f\u0131yor ama sorun ne olursa olsun mutlaka bir yol bulabilece\u011fini d\u00fc\u015f\u00fcn\u00fcyorum. \u00d6zellikle gen\u00e7ler i\u00e7in \u00e7ok daha farkl\u0131 \u00e7ok daha h\u0131zl\u0131 y\u00f6nlerle ve kolayl\u0131kla i\u015fler halledilebilir, sorunlar \u00e7\u00f6z\u00fclebilir. Ve mutlaka azimli olunmal\u0131. Yani bence giri\u015fimcilik e\u015fittir azim&#8221; dedi.<\/p>\n<p>&#8220;Bizi, \u00fcniversite gen\u00e7li\u011fiyle ayn\u0131 salonda bulu\u015fturanlara te\u015fekk\u00fcr ediyoruz&#8221;<br \/>\n<br \/>TOBB Denizli GGK \u0130l \u0130cra Komitesi Ba\u015fkan\u0131 Bekir \u00c7ak\u0131r ise mezun oldu\u011fu okulda hocalar\u0131 ve yeni \u00f6\u011frencilerle bir arada bulunmaktan duydu\u011fu memnuniyeti dile getirerek konulmas\u0131na ba\u015flad\u0131. \u00c7ak\u0131r, &#8220;B\u00f6ylesine g\u00fczel bir toplulukta size hitap ediyor olmak, benim i\u00e7in ger\u00e7ekten b\u00fcy\u00fck bir onur ve mutluluk. Biz de bu s\u0131ralardan ge\u00e7tik; 4 y\u0131l\u0131m\u0131z art\u0131 y\u00fcksek lisans\u0131m\u0131z bu \u00fcniversitede ge\u00e7ti. Onun i\u00e7in bizi sizlerle bir araya getirenlere te\u015fekk\u00fcr ediyorum. Bize bu imk\u00e2n\u0131 sa\u011flad\u0131\u011f\u0131 i\u00e7in hem \u00fcniversitemize ve hocalar\u0131m\u0131za hem de Denizli Ticaret Odam\u0131za te\u015fekk\u00fcr ediyorum. 34 ya\u015f\u0131nday\u0131m. \u0130n\u015faat m\u00fchendisiyim. Yap\u0131 ve gayrimenkul sekt\u00f6r\u00fcndeyim; kendi firmam var. Okudu\u011fumuz y\u0131llarda itibaren sekt\u00f6r\u00fcn i\u00e7inde yer ald\u0131m ve bu bize ciddi anlamda bir tecr\u00fcbe sa\u011flad\u0131. \u0130kinci \u00f6\u011fretimde okurken sabah in\u015faatlarda yard\u0131m ederken \u00f6\u011fleden sonra ise derslerimize geliyorduk. Ger\u00e7ekten zor bir s\u00fcre\u00e7ti fakat hem sekt\u00f6r ve i\u015f deneyimi edindim hem de \u00e7evremi geni\u015flettim. Okurken ayn\u0131 zamanda bir\u00e7ok kul\u00fcpte aktif olarak g\u00f6rev ald\u0131m. Sosyal hayat\u0131 da bir kenara b\u0131rakmad\u0131k. Mezun olduktan sonra da bir\u00e7ok sivil toplum kurulu\u015funda kurucu olarak g\u00f6revlerde bulundum. Ticaret Odam\u0131zda da \u00fcniversitemizin bir mezunu ve en gen\u00e7 meclis \u00fcyesi olarak \u015fehrimize ve ticaretine katk\u0131 sa\u011flamaya \u00e7al\u0131\u015f\u0131yoruz. 2019 y\u0131l\u0131nda farkl\u0131 bir sekt\u00f6re girdik, kimya sekt\u00f6r\u00fcnde bir giri\u015fim ger\u00e7ekle\u015ftirdik. Art\u0131k ihracat da yap\u0131yoruz. Memleketimize katma de\u011fer sa\u011flama noktas\u0131nda var g\u00fcc\u00fcm\u00fczde \u00e7al\u0131\u015f\u0131yoruz. Arkada\u015flar sonu\u00e7 olarak mesle\u011finizi ger\u00e7ekten severek ve isteyerek se\u00e7in. Kimse a\u00e7 kalm\u0131yor; \u00e7ok \u015f\u00fck\u00fcr memleketimizde herkes bir \u015fekilde karn\u0131n\u0131 doyuruyor, bir i\u015f yap\u0131yor fakat i\u015fini iyi yapmak, g\u00fczel i\u015fler yapmak ve topluma faydal\u0131 olmak hepsinde de \u00f6nemli ve \u00e7ok daha farkl\u0131 bir \u015fey!&#8221; diye konu\u015ftu.<br \/>\n<br \/>\u00c7ak\u0131r, giri\u015fimcilik konusundaki etkinliklerinin ortaokul \u00e7a\u011f\u0131na kadar indirgediklerini ve \u00e7ok ilgin\u00e7 yakla\u015f\u0131mlarla kar\u015f\u0131la\u015ft\u0131klar\u0131n\u0131 da anlatt\u0131. Ayr\u0131ca, 18-40 ya\u015f aras\u0131 i\u00e7in ise U\u00e7tan Uca Giri\u015fimcilik Program\u0131\u2019n\u0131 ba\u015flatt\u0131klar\u0131n\u0131 s\u00f6yleyerek \u00fcniversite gen\u00e7li\u011fine &#8220;Sizler de bu sayede bir giri\u015fimci olabilirsiniz. L\u00fctfen bizi takip edin; sizleri de aram\u0131zda g\u00f6rmek istiyoruz ve bekliyoruz. Yeni fikri ya da giri\u015fimi olanlardan kayda de\u011fer bulduklar\u0131m\u0131z\u0131, melek yat\u0131r\u0131mc\u0131larla bulu\u015fturarak destekleyece\u011fiz ve i\u015f planlar\u0131n\u0131n hayata ge\u00e7mesini sa\u011flamaya \u00e7al\u0131\u015faca\u011f\u0131z&#8221; m\u00fcjdesini verdi.<br \/>\n<br \/>Kat\u0131l\u0131mc\u0131lar, etkinli\u011fin sonunda, gen\u00e7lerle birebirde de sohbet ederek mesleki ve sekt\u00f6rel payla\u015f\u0131mlar\u0131n\u0131 s\u00fcrd\u00fcrd\u00fc.<\/p>\n<p>Ba\u015fkan Erdo\u011fan: &#8220;DTO, \u015fehrimizin \u00f6nc\u00fc ve lider STK\u2019s\u0131d\u0131r<br \/>\n<br \/>DTO Y\u00f6netim Kurulu Ba\u015fkan\u0131 U\u011fur Erdo\u011fan, etkinlikle ilgili de\u011ferlendirmesinde, Denizli Ticaret Odas\u0131\u2019n\u0131n 22.882 \u00fcyesiyle \u015fehrin ilklere imza atan, \u00f6nc\u00fc ve lider sivil toplum kurulu\u015fu oldu\u011funu vurgulad\u0131; kad\u0131n giri\u015fimciler ile gen\u00e7 giri\u015fimcilerin de bunun i\u00e7inde \u00f6nemli bir yer te\u015fkil etti\u011finin alt\u0131n\u0131 \u00e7izdi. Ba\u015fkan Erdo\u011fan, &#8220;\u00dcyelerimizden kad\u0131n giri\u015fimci kategorisine giren \u015firket yetkilisi 3.905, \u015firket orta\u011f\u0131 3.418, kendi i\u015fini kurmu\u015f ger\u00e7ek ki\u015fi i\u015fletme sahibi de 590 ki\u015fi var. Gen\u00e7 giri\u015fimci kategorisine giren 40 ya\u015f alt\u0131nda kendi i\u015fini kurmu\u015f ger\u00e7ek ki\u015fi i\u015fletme sahibi ise 4.705 ki\u015fi. \u015eirket orta\u011f\u0131 gen\u00e7 giri\u015fimci 1.763, \u015firket yetkilisi gen\u00e7 giri\u015fimci ise 1.309 ki\u015fi. Bu say\u0131y\u0131 \u00e7ok daha fazla art\u0131rmal\u0131 kad\u0131nlar\u0131m\u0131z\u0131 ve gen\u00e7lerimizi istihdama katmal\u0131y\u0131z. \u0130\u015flerini kurmalar\u0131n\u0131 sa\u011flayabilirsek \u00e7ok daha g\u00fczel olur. \u0130\u015f g\u00fcc\u00fcne kat\u0131lacak her bir fert, toplumsal kalk\u0131nmaya ve ekonomimize katma de\u011fer sa\u011flayacak \u00f6nemli bir katk\u0131d\u0131r. Biz de i\u015fte bu bilin\u00e7le son y\u0131llarda i\u00e7lerinde giri\u015fimcili\u011fin de oldu\u011fu 140 farkl\u0131 ba\u015fl\u0131kta \u00e7ok say\u0131da mesleki ve ki\u015fisel geli\u015fim e\u011fitimi verdik. 11.500 vatanda\u015f\u0131m\u0131z, bu imk\u00e2ndan \u00fccretsiz yararlanarak sertifikaland\u0131 ya i\u015fini kurdu ya da istihdam edildi. Bu say\u0131y\u0131 daha da art\u0131rmak istiyoruz. Bu y\u00f6nde b\u00fcy\u00fck bir \u00e7aba harc\u0131yor, bu etkinlik gibi buldu\u011fumuz her f\u0131rsat\u0131 da de\u011ferlendiriyoruz&#8221; dedi.<br \/><\/p>\n","protected":false},"excerpt":{"rendered":"<p>Denizli Ticaret Odas\u0131 (DTO) Y\u00f6netim Kurulu \u00dcyesi Kemal Tuncer ile T\u00fcrkiye Odalar ve Borsalar Birli\u011fi (TOBB) Denizli Kad\u0131n Giri\u015fimciler Kurulu (KGK) \u0130l \u0130cra Komitesi Ba\u015fkan\u0131 Ayla Ta\u015f\u00e7\u0131o\u011flu ve TOBB Denizli Gen\u00e7 Giri\u015fimciler Kurulu (GGK) \u0130l \u0130cra Komitesi Ba\u015fkan\u0131 Bekir \u00c7ak\u0131r, \u00fcniversite gen\u00e7li\u011fi ile bulu\u015ftu\u011fu Pamukkale \u00dcniversitesi (PA\u00dc) \u0130ktisadi ve \u0130dari Bilimler Fak\u00fcltesi (\u0130\u0130BF) Sekt\u00f6r \u00d6\u011frenci&#8230;<\/p>\n","protected":false},"author":1,"featured_media":29824,"comment_status":"open","ping_status":"open","sticky":false,"template":"","format":"standard","meta":{"_crdt_document":"","footnotes":""},"categories":[125],"tags":[],"class_list":["post-29823","post","type-post","status-publish","format-standard","has-post-thumbnail","hentry","category-ekonomi"],"_links":{"self":[{"href":"https:\/\/www.egemtv.com\/index.php?rest_route=\/wp\/v2\/posts\/29823","targetHints":{"allow":["GET"]}}],"collection":[{"href":"https:\/\/www.egemtv.com\/index.php?rest_route=\/wp\/v2\/posts"}],"about":[{"href":"https:\/\/www.egemtv.com\/index.php?rest_route=\/wp\/v2\/types\/post"}],"author":[{"embeddable":true,"href":"https:\/\/www.egemtv.com\/index.php?rest_route=\/wp\/v2\/users\/1"}],"replies":[{"embeddable":true,"href":"https:\/\/www.egemtv.com\/index.php?rest_route=%2Fwp%2Fv2%2Fcomments&post=29823"}],"version-history":[{"count":1,"href":"https:\/\/www.egemtv.com\/index.php?rest_route=\/wp\/v2\/posts\/29823\/revisions"}],"predecessor-version":[{"id":29825,"href":"https:\/\/www.egemtv.com\/index.php?rest_route=\/wp\/v2\/posts\/29823\/revisions\/29825"}],"wp:featuredmedia":[{"embeddable":true,"href":"https:\/\/www.egemtv.com\/index.php?rest_route=\/wp\/v2\/media\/29824"}],"wp:attachment":[{"href":"https:\/\/www.egemtv.com\/index.php?rest_route=%2Fwp%2Fv2%2Fmedia&parent=29823"}],"wp:term":[{"taxonomy":"category","embeddable":true,"href":"https:\/\/www.egemtv.com\/index.php?rest_route=%2Fwp%2Fv2%2Fcategories&post=29823"},{"taxonomy":"post_tag","embeddable":true,"href":"https:\/\/www.egemtv.com\/index.php?rest_route=%2Fwp%2Fv2%2Ftags&post=29823"}],"curies":[{"name":"wp","href":"https:\/\/api.w.org\/{rel}","templated":true}]}}