{"id":29820,"date":"2025-05-19T10:17:05","date_gmt":"2025-05-19T07:17:05","guid":{"rendered":"https:\/\/www.egemtv.com\/?p=29820"},"modified":"2025-05-19T10:17:09","modified_gmt":"2025-05-19T07:17:09","slug":"baskan-putun-gencler-ay-yildizli-bayragimizi-ilelebet-dalgalandirmalisiniz","status":"publish","type":"post","link":"https:\/\/www.egemtv.com\/?p=29820","title":{"rendered":"Ba\u015fkan P\u00fct\u00fcn, &#8220;Gen\u00e7ler ay y\u0131ld\u0131zl\u0131 bayra\u011f\u0131m\u0131z\u0131 ilelebet dalgaland\u0131rmal\u0131s\u0131n\u0131z&#8221;"},"content":{"rendered":"<p>DEN\u0130ZL\u0130 (\u0130HA) \u2013 Denizli\u2019nin Beya\u011fa\u00e7 Belediye Ba\u015fkan\u0131 Sezayi P\u00fct\u00fcn, 19 May\u0131s mesaj\u0131nda; &#8220;Gen\u00e7ler, daha \u00e7ok \u00e7al\u0131\u015fmal\u0131 ve ay y\u0131ld\u0131zl\u0131 bayra\u011f\u0131m\u0131z\u0131 ilelebet dalgaland\u0131rmal\u0131s\u0131n\u0131z&#8221; dedi.<br \/>\n<br \/>Beya\u011fa\u00e7 Belediye Ba\u015fkan\u0131 Sezayi P\u00fct\u00fcn, 19 May\u0131s Atat\u00fcrk\u2019\u00fc Anma, Gen\u00e7lik ve Spor Bayram\u0131 dolay\u0131s\u0131yla bir kutlama mesaj\u0131 yay\u0131mlad\u0131. Mesaj\u0131nda gen\u00e7lere seslenen Ba\u015fkan P\u00fct\u00fcn, &#8220;Gen\u00e7ler, milli ve manevi de\u011ferlerimize sahip, \u00e7al\u0131\u015fkan, vatan\u0131n\u0131, milletini seven bu \u00fclkenin yar\u0131nlar\u0131 olarak; daha \u00e7ok \u00e7al\u0131\u015fmal\u0131 ve ay y\u0131ld\u0131zl\u0131 bayra\u011f\u0131m\u0131z\u0131 ilelebet dalgaland\u0131rmal\u0131s\u0131n\u0131z. Atat\u00fcrk\u2019\u00fc Anma Gen\u00e7lik ve Spor Bayram\u0131n\u0131z kutlu olsun&#8221; ifadelerini kulland\u0131.<br \/><\/p>\n","protected":false},"excerpt":{"rendered":"<p>DEN\u0130ZL\u0130 (\u0130HA) \u2013 Denizli\u2019nin Beya\u011fa\u00e7 Belediye Ba\u015fkan\u0131 Sezayi P\u00fct\u00fcn, 19 May\u0131s mesaj\u0131nda; &#8220;Gen\u00e7ler, daha \u00e7ok \u00e7al\u0131\u015fmal\u0131 ve ay y\u0131ld\u0131zl\u0131 bayra\u011f\u0131m\u0131z\u0131 ilelebet dalgaland\u0131rmal\u0131s\u0131n\u0131z&#8221; dedi. Beya\u011fa\u00e7 Belediye Ba\u015fkan\u0131 Sezayi P\u00fct\u00fcn, 19 May\u0131s Atat\u00fcrk\u2019\u00fc Anma, Gen\u00e7lik ve Spor Bayram\u0131 dolay\u0131s\u0131yla bir kutlama mesaj\u0131 yay\u0131mlad\u0131. Mesaj\u0131nda gen\u00e7lere seslenen Ba\u015fkan P\u00fct\u00fcn, &#8220;Gen\u00e7ler, milli ve manevi de\u011ferlerimize sahip, \u00e7al\u0131\u015fkan, vatan\u0131n\u0131, milletini&#8230;<\/p>\n","protected":false},"author":1,"featured_media":29821,"comment_status":"open","ping_status":"open","sticky":false,"template":"","format":"standard","meta":{"_crdt_document":"","footnotes":""},"categories":[127],"tags":[],"class_list":["post-29820","post","type-post","status-publish","format-standard","has-post-thumbnail","hentry","category-siyaset"],"_links":{"self":[{"href":"https:\/\/www.egemtv.com\/index.php?rest_route=\/wp\/v2\/posts\/29820","targetHints":{"allow":["GET"]}}],"collection":[{"href":"https:\/\/www.egemtv.com\/index.php?rest_route=\/wp\/v2\/posts"}],"about":[{"href":"https:\/\/www.egemtv.com\/index.php?rest_route=\/wp\/v2\/types\/post"}],"author":[{"embeddable":true,"href":"https:\/\/www.egemtv.com\/index.php?rest_route=\/wp\/v2\/users\/1"}],"replies":[{"embeddable":true,"href":"https:\/\/www.egemtv.com\/index.php?rest_route=%2Fwp%2Fv2%2Fcomments&post=29820"}],"version-history":[{"count":1,"href":"https:\/\/www.egemtv.com\/index.php?rest_route=\/wp\/v2\/posts\/29820\/revisions"}],"predecessor-version":[{"id":29822,"href":"https:\/\/www.egemtv.com\/index.php?rest_route=\/wp\/v2\/posts\/29820\/revisions\/29822"}],"wp:featuredmedia":[{"embeddable":true,"href":"https:\/\/www.egemtv.com\/index.php?rest_route=\/wp\/v2\/media\/29821"}],"wp:attachment":[{"href":"https:\/\/www.egemtv.com\/index.php?rest_route=%2Fwp%2Fv2%2Fmedia&parent=29820"}],"wp:term":[{"taxonomy":"category","embeddable":true,"href":"https:\/\/www.egemtv.com\/index.php?rest_route=%2Fwp%2Fv2%2Fcategories&post=29820"},{"taxonomy":"post_tag","embeddable":true,"href":"https:\/\/www.egemtv.com\/index.php?rest_route=%2Fwp%2Fv2%2Ftags&post=29820"}],"curies":[{"name":"wp","href":"https:\/\/api.w.org\/{rel}","templated":true}]}}