{"id":29817,"date":"2025-05-19T10:16:59","date_gmt":"2025-05-19T07:16:59","guid":{"rendered":"https:\/\/www.egemtv.com\/?p=29817"},"modified":"2025-05-19T10:17:04","modified_gmt":"2025-05-19T07:17:04","slug":"manisada-kultur-yolu-festivali-tum-hiziyla-devam-ediyor","status":"publish","type":"post","link":"https:\/\/www.egemtv.com\/?p=29817","title":{"rendered":"Manisa\u2019da K\u00fclt\u00fcr Yolu Festivali t\u00fcm h\u0131z\u0131yla devam ediyor"},"content":{"rendered":"<p>Bu sene ilk kez ger\u00e7ekle\u015fen Manisa K\u00fclt\u00fcr Yolu Festivali\u2019nde hafta sonu co\u015fkuyla ge\u00e7ti. Festivalin ikinci g\u00fcn\u00fcnde, konserlerden \u00e7ocuk etkinliklerine, sergilerden at\u00f6lyelere varan bir\u00e7ok etkinlik her ya\u015ftan sanatseverlerle bulu\u015ftu.<br \/>\n<br \/>Bu y\u0131l ilk kez, T\u00fcrkiye K\u00fclt\u00fcr Yolu Festivali rotas\u0131na kat\u0131lan Manisa\u2019da festival t\u00fcm h\u0131z\u0131yla s\u00fcr\u00fcyor. Merhum Nuri Pakdil\u2019in edeb\u00ee ve fikr\u00ee miras\u0131n\u0131, H\u00fcseyin \u00dcnl\u00fc ve Ahmet \u00d6\u011freten\u2019in de\u011ferli \u00e7al\u0131\u015fmalar\u0131yla bir araya getiren &#8220;Nuri Pakdil ve Kud\u00fcs&#8221; sergisi, Manisa M\u00fczesi\u2019nde Filistin m\u00fccadelesine sayg\u0131 duru\u015fu niteli\u011finde sanatseverlerle bulu\u015fuyor. K\u00fcrat\u00f6rl\u00fc\u011f\u00fcn\u00fc Fetullah Bing\u00fcl\u2019\u00fcn yapt\u0131\u011f\u0131 ve Nuri Pakdil\u2019in Kud\u00fcs sevgisini, adanm\u0131\u015fl\u0131\u011f\u0131n\u0131 ve Filistin halk\u0131n\u0131n m\u00fccadelesini yans\u0131tan eserlerin yer ald\u0131\u011f\u0131 sergi, Kud\u00fcs\u2019\u00fcn manevi ve tarihi \u00f6nemini sanat yoluyla farkl\u0131 bir perspektiften anlat\u0131yor.<br \/>\n<br \/>Manisa \u0130l Halk K\u00fct\u00fcphanesi Konferans Salonu\u2019nda da &#8220;Filistin u Efdi&#8221;, &#8220;A\u015fet Filistin&#8221; gibi Filistin m\u00fccadelesini anlatan ezgileriyle bilinen Grup Y\u00fcr\u00fcy\u00fc\u015f, &#8220;Ezgilerle T\u00fcrk\u00fclerle&#8221; konseriyle Manisal\u0131larla bulu\u015ftu.<\/p>\n<p>Tarih s\u00f6yle\u015fileri<br \/>\n<br \/>Manisa M\u00fczesi Konferans Salonu\u2019nda d\u00fczenlenen &#8220;Manisa Antik \u015eehirleri&#8221; s\u00f6yle\u015fisinde, Sardes Kaz\u0131 Ba\u015fkan\u0131 Prof. Dr. Nick Cahill ve Aigai Kaz\u0131 Ba\u015fkan\u0131 Prof. Dr. Yusuf Sezgin, kat\u0131l\u0131mc\u0131larla antik kentlere dair de\u011ferli bilgiler payla\u015ft\u0131.<br \/>\n<br \/>Manisal\u0131lar, yazar Osman Egin ve m\u00fczisyen Bekir K\u00f6se\u2019nin &#8220;Mekteb-i Vefa&#8221; ba\u015fl\u0131\u011f\u0131nda ger\u00e7ekle\u015ftirdikleri s\u00f6yle\u015fiye yo\u011fun ilgi g\u00f6sterdi.<\/p>\n<p>\u00c7ocuklar\u0131n y\u00fcz\u00fc g\u00fcl\u00fcyor<br \/>\n<br \/>Atat\u00fcrk Kent Park\u0131 \u00c7ocuk Etkinlik Alan\u0131\u2019nda kurulan ve birbirinden renkli aktiviteler, at\u00f6lye \u00e7al\u0131\u015fmalar\u0131, sahne g\u00f6sterileri, tiyatrolar, oyun alanlar\u0131 ve daha bir\u00e7ok etkinli\u011fi bir araya getiren &#8220;\u00c7ocuk K\u00f6y\u00fc&#8221;, festivalin ikinci g\u00fcn\u00fcnde de minik misafirlerini a\u011f\u0131rlamaya devam etti. \u00c7ocuklar, &#8220;Kavuklu Pi\u015fekar Ortaoyunu&#8221; ile g\u00f6n\u00fcllerince e\u011flendi.<br \/>\n<br \/>Manisa K\u00fclt\u00fcr Yolu Festivali kapsam\u0131nda ger\u00e7ekle\u015fen, &#8220;T\u00dcRSAK ile 21. \u00c7ocuk Filmleri Festival Etkinlikleri&#8221; de Forum Magnesia AVM\u2019de \u00e7ocuklarla bulu\u015ftu.<br \/>\n<br \/>Manisa \u0130l Halk K\u00fct\u00fcphanesi\u2019nde &#8220;Sema Yayl\u0131 ile Origamili Masallar&#8221; etkinli\u011finde minikler yeni deneyimler kazan\u0131rken, &#8220;Dublaj Kutusu&#8221; etkinli\u011finde kendi sesleriyle kitap seslendirdi.<br \/>\n<br \/>\u00c7ocuklara do\u011fa sevgisini a\u015f\u0131layan, birlik ve beraberli\u011fin \u00f6nemini vurgulayan e\u011flenceli bir m\u00fczikal olan &#8220;Bar\u0131\u015f Orman\u0131&#8221; Manisal\u0131 minik seyircilerle Manisa B\u00fcy\u00fck\u015fehir Belediyesi \u015eehir Tiyatrosu U\u011fur Mumcu Salonu\u2019nda bulu\u015ftu.<br \/>\n<br \/>Kur\u015funlu Han\u2019da, Cansel \u00c7ak\u0131r e\u011fitmenli\u011finde ger\u00e7ekle\u015fen \u00c7ini At\u00f6lyesi\u2019nde \u00e7ocuklar geleneksel sanatla tan\u0131\u015farak, el becerilerini geli\u015ftirdi.<\/p>\n<p>Sokak sahneleri gen\u00e7leri m\u00fczikle bulu\u015fturdu<br \/>\n<br \/>Festival kapsam\u0131nda, Forum Magnesia AVM i\u00e7ine yerle\u015ftirilen piyanolarda gen\u00e7ler, &#8220;Sen de \u00c7al&#8221; projesi kapsam\u0131nda yeteneklerini sergiledi. &#8220;Sen de S\u00f6yle&#8221; kabininde ise Manisa\u2019n\u0131n yeni y\u0131ld\u0131z\u0131 olabilmek i\u00e7in ilk ad\u0131mlar\u0131n\u0131 att\u0131lar. 8 Havuz Meydan\u0131, Tarzan Meydan\u0131 ve Cafe Sera \u00f6n\u00fcnde kurulan Sokak Sahnesi\u2019nde gen\u00e7 m\u00fczisyenler performanslar\u0131n\u0131 izleyicilerle bulu\u015fturdu.<br \/><\/p>\n","protected":false},"excerpt":{"rendered":"<p>Bu sene ilk kez ger\u00e7ekle\u015fen Manisa K\u00fclt\u00fcr Yolu Festivali\u2019nde hafta sonu co\u015fkuyla ge\u00e7ti. Festivalin ikinci g\u00fcn\u00fcnde, konserlerden \u00e7ocuk etkinliklerine, sergilerden at\u00f6lyelere varan bir\u00e7ok etkinlik her ya\u015ftan sanatseverlerle bulu\u015ftu. Bu y\u0131l ilk kez, T\u00fcrkiye K\u00fclt\u00fcr Yolu Festivali rotas\u0131na kat\u0131lan Manisa\u2019da festival t\u00fcm h\u0131z\u0131yla s\u00fcr\u00fcyor. Merhum Nuri Pakdil\u2019in edeb\u00ee ve fikr\u00ee miras\u0131n\u0131, H\u00fcseyin \u00dcnl\u00fc ve Ahmet \u00d6\u011freten\u2019in&#8230;<\/p>\n","protected":false},"author":1,"featured_media":29818,"comment_status":"open","ping_status":"open","sticky":false,"template":"","format":"standard","meta":{"_crdt_document":"","footnotes":""},"categories":[1],"tags":[],"class_list":["post-29817","post","type-post","status-publish","format-standard","has-post-thumbnail","hentry","category-guncel"],"_links":{"self":[{"href":"https:\/\/www.egemtv.com\/index.php?rest_route=\/wp\/v2\/posts\/29817","targetHints":{"allow":["GET"]}}],"collection":[{"href":"https:\/\/www.egemtv.com\/index.php?rest_route=\/wp\/v2\/posts"}],"about":[{"href":"https:\/\/www.egemtv.com\/index.php?rest_route=\/wp\/v2\/types\/post"}],"author":[{"embeddable":true,"href":"https:\/\/www.egemtv.com\/index.php?rest_route=\/wp\/v2\/users\/1"}],"replies":[{"embeddable":true,"href":"https:\/\/www.egemtv.com\/index.php?rest_route=%2Fwp%2Fv2%2Fcomments&post=29817"}],"version-history":[{"count":1,"href":"https:\/\/www.egemtv.com\/index.php?rest_route=\/wp\/v2\/posts\/29817\/revisions"}],"predecessor-version":[{"id":29819,"href":"https:\/\/www.egemtv.com\/index.php?rest_route=\/wp\/v2\/posts\/29817\/revisions\/29819"}],"wp:featuredmedia":[{"embeddable":true,"href":"https:\/\/www.egemtv.com\/index.php?rest_route=\/wp\/v2\/media\/29818"}],"wp:attachment":[{"href":"https:\/\/www.egemtv.com\/index.php?rest_route=%2Fwp%2Fv2%2Fmedia&parent=29817"}],"wp:term":[{"taxonomy":"category","embeddable":true,"href":"https:\/\/www.egemtv.com\/index.php?rest_route=%2Fwp%2Fv2%2Fcategories&post=29817"},{"taxonomy":"post_tag","embeddable":true,"href":"https:\/\/www.egemtv.com\/index.php?rest_route=%2Fwp%2Fv2%2Ftags&post=29817"}],"curies":[{"name":"wp","href":"https:\/\/api.w.org\/{rel}","templated":true}]}}