{"id":29814,"date":"2025-05-19T10:16:54","date_gmt":"2025-05-19T07:16:54","guid":{"rendered":"https:\/\/www.egemtv.com\/?p=29814"},"modified":"2025-05-19T10:16:59","modified_gmt":"2025-05-19T07:16:59","slug":"manisada-bayhan-ruzgari-esti","status":"publish","type":"post","link":"https:\/\/www.egemtv.com\/?p=29814","title":{"rendered":"Manisa\u2019da Bayhan r\u00fczgar\u0131 esti"},"content":{"rendered":"<p>K\u00fclt\u00fcr ve Turizm Bakanl\u0131\u011f\u0131 taraf\u0131ndan d\u00fczenlenen T\u00fcrkiye K\u00fclt\u00fcr Yolu Festivali\u2019nin ikinci dura\u011f\u0131 olan Manisa\u2019da sahne alan \u00fcnl\u00fc sanat\u00e7\u0131 Bayhan, Manisal\u0131lar\u0131n yo\u011fun ilgisiyle kar\u015f\u0131land\u0131.<br \/>\n<br \/>Sevilen sanat\u00e7\u0131 Bayhan, Manisa K\u00fclt\u00fcr Yolu Festivali kapsam\u0131nda Per\u015fembe Pazar\u0131 Otopark Alan\u0131\u2019nda verdi\u011fi konserde on binlerce hayran\u0131yla bulu\u015ftu. &#8220;Tiryakinim&#8221;, &#8220;Seninle Olmak Var Ya&#8221;, &#8220;Tutam\u0131yorum Zaman\u0131&#8221;, &#8220;Mavi Mavi&#8221;, &#8220;Akdeniz Ak\u015famlar\u0131&#8221; gibi sevilen eserleri kendine \u00f6zg\u00fc yorumuyla okuyan Bayhan, sahnede yapt\u0131\u011f\u0131 konu\u015fmada, askerli\u011fini Manisa\u2019da yapt\u0131\u011f\u0131n\u0131 belirterek, &#8220;Bug\u00fcn \u00e7ok \u00f6nemli bir g\u00fcn. T\u00fcrkiye K\u00fclt\u00fcr Yolu Festivali\u2019ne beni sizlerle bulu\u015fturdu\u011fu i\u00e7in \u00e7ok te\u015fekk\u00fcr ediyorum&#8221; dedi.<br \/>\n<br \/>Konserin bir b\u00f6l\u00fcm\u00fcnde de sahneden inerek seyircilerin aras\u0131nda \u015fark\u0131lar\u0131n\u0131 s\u00f6yleyen Bayhan, merhum sanat\u00e7\u0131 Ferdi Tayfur\u2019dan &#8220;\u0130\u00e7im Yanar&#8221; \u015fark\u0131s\u0131n\u0131 da seslendirdi.<br \/><\/p>\n","protected":false},"excerpt":{"rendered":"<p>K\u00fclt\u00fcr ve Turizm Bakanl\u0131\u011f\u0131 taraf\u0131ndan d\u00fczenlenen T\u00fcrkiye K\u00fclt\u00fcr Yolu Festivali\u2019nin ikinci dura\u011f\u0131 olan Manisa\u2019da sahne alan \u00fcnl\u00fc sanat\u00e7\u0131 Bayhan, Manisal\u0131lar\u0131n yo\u011fun ilgisiyle kar\u015f\u0131land\u0131. Sevilen sanat\u00e7\u0131 Bayhan, Manisa K\u00fclt\u00fcr Yolu Festivali kapsam\u0131nda Per\u015fembe Pazar\u0131 Otopark Alan\u0131\u2019nda verdi\u011fi konserde on binlerce hayran\u0131yla bulu\u015ftu. &#8220;Tiryakinim&#8221;, &#8220;Seninle Olmak Var Ya&#8221;, &#8220;Tutam\u0131yorum Zaman\u0131&#8221;, &#8220;Mavi Mavi&#8221;, &#8220;Akdeniz Ak\u015famlar\u0131&#8221; gibi sevilen eserleri&#8230;<\/p>\n","protected":false},"author":1,"featured_media":29815,"comment_status":"open","ping_status":"open","sticky":false,"template":"","format":"standard","meta":{"_crdt_document":"","footnotes":""},"categories":[1],"tags":[],"class_list":["post-29814","post","type-post","status-publish","format-standard","has-post-thumbnail","hentry","category-guncel"],"_links":{"self":[{"href":"https:\/\/www.egemtv.com\/index.php?rest_route=\/wp\/v2\/posts\/29814","targetHints":{"allow":["GET"]}}],"collection":[{"href":"https:\/\/www.egemtv.com\/index.php?rest_route=\/wp\/v2\/posts"}],"about":[{"href":"https:\/\/www.egemtv.com\/index.php?rest_route=\/wp\/v2\/types\/post"}],"author":[{"embeddable":true,"href":"https:\/\/www.egemtv.com\/index.php?rest_route=\/wp\/v2\/users\/1"}],"replies":[{"embeddable":true,"href":"https:\/\/www.egemtv.com\/index.php?rest_route=%2Fwp%2Fv2%2Fcomments&post=29814"}],"version-history":[{"count":1,"href":"https:\/\/www.egemtv.com\/index.php?rest_route=\/wp\/v2\/posts\/29814\/revisions"}],"predecessor-version":[{"id":29816,"href":"https:\/\/www.egemtv.com\/index.php?rest_route=\/wp\/v2\/posts\/29814\/revisions\/29816"}],"wp:featuredmedia":[{"embeddable":true,"href":"https:\/\/www.egemtv.com\/index.php?rest_route=\/wp\/v2\/media\/29815"}],"wp:attachment":[{"href":"https:\/\/www.egemtv.com\/index.php?rest_route=%2Fwp%2Fv2%2Fmedia&parent=29814"}],"wp:term":[{"taxonomy":"category","embeddable":true,"href":"https:\/\/www.egemtv.com\/index.php?rest_route=%2Fwp%2Fv2%2Fcategories&post=29814"},{"taxonomy":"post_tag","embeddable":true,"href":"https:\/\/www.egemtv.com\/index.php?rest_route=%2Fwp%2Fv2%2Ftags&post=29814"}],"curies":[{"name":"wp","href":"https:\/\/api.w.org\/{rel}","templated":true}]}}