{"id":29811,"date":"2025-05-19T09:56:23","date_gmt":"2025-05-19T06:56:23","guid":{"rendered":"https:\/\/www.egemtv.com\/?p=29811"},"modified":"2025-05-19T09:56:24","modified_gmt":"2025-05-19T06:56:24","slug":"milasta-iki-katli-ev-alevlere-teslim-oldu","status":"publish","type":"post","link":"https:\/\/www.egemtv.com\/?p=29811","title":{"rendered":"Milas\u2019ta iki katl\u0131 ev alevlere teslim oldu"},"content":{"rendered":"<p>Mu\u011fla\u2019n\u0131n Milas il\u00e7esinde iki katl\u0131 metruk evde \u00e7\u0131kan yang\u0131n itfaiye ekipleri taraf\u0131ndan s\u00f6nd\u00fcr\u00fcl\u00fcrken, ev k\u00fcle d\u00f6nd\u00fc.<\/p>\n<p>Yang\u0131n \u0130smetpa\u015fa Mahallesi\u2019ndeki iki katl\u0131 evde meydana geldi. Edinilen bilgiye g\u00f6re evden alevlerin y\u00fckseldi\u011fini g\u00f6ren vatanda\u015flar durumu 112 Acil \u00c7a\u011fr\u0131 Merkezi\u2019ne bildirdi. Yap\u0131lan ihbar\u0131n ard\u0131ndan b\u00f6lgeye itfaiye, polis ve sa\u011fl\u0131k ekipleri sevk edildi. B\u00f6lgeye gelen itfaiye ekipleri alevleri s\u00f6nd\u00fcr\u00fcrken, ev k\u00fcle d\u00f6nd\u00fc.<br \/>\n<br \/>Yang\u0131nla ilgili inceleme s\u00fcr\u00fcyor.<br \/><\/p>\n","protected":false},"excerpt":{"rendered":"<p>Mu\u011fla\u2019n\u0131n Milas il\u00e7esinde iki katl\u0131 metruk evde \u00e7\u0131kan yang\u0131n itfaiye ekipleri taraf\u0131ndan s\u00f6nd\u00fcr\u00fcl\u00fcrken, ev k\u00fcle d\u00f6nd\u00fc. Yang\u0131n \u0130smetpa\u015fa Mahallesi\u2019ndeki iki katl\u0131 evde meydana geldi. Edinilen bilgiye g\u00f6re evden alevlerin y\u00fckseldi\u011fini g\u00f6ren vatanda\u015flar durumu 112 Acil \u00c7a\u011fr\u0131 Merkezi\u2019ne bildirdi. Yap\u0131lan ihbar\u0131n ard\u0131ndan b\u00f6lgeye itfaiye, polis ve sa\u011fl\u0131k ekipleri sevk edildi. B\u00f6lgeye gelen itfaiye ekipleri alevleri s\u00f6nd\u00fcr\u00fcrken,&#8230;<\/p>\n","protected":false},"author":1,"featured_media":29812,"comment_status":"open","ping_status":"open","sticky":false,"template":"","format":"standard","meta":{"_crdt_document":"","footnotes":""},"categories":[5],"tags":[],"class_list":["post-29811","post","type-post","status-publish","format-standard","has-post-thumbnail","hentry","category-asayis"],"_links":{"self":[{"href":"https:\/\/www.egemtv.com\/index.php?rest_route=\/wp\/v2\/posts\/29811","targetHints":{"allow":["GET"]}}],"collection":[{"href":"https:\/\/www.egemtv.com\/index.php?rest_route=\/wp\/v2\/posts"}],"about":[{"href":"https:\/\/www.egemtv.com\/index.php?rest_route=\/wp\/v2\/types\/post"}],"author":[{"embeddable":true,"href":"https:\/\/www.egemtv.com\/index.php?rest_route=\/wp\/v2\/users\/1"}],"replies":[{"embeddable":true,"href":"https:\/\/www.egemtv.com\/index.php?rest_route=%2Fwp%2Fv2%2Fcomments&post=29811"}],"version-history":[{"count":1,"href":"https:\/\/www.egemtv.com\/index.php?rest_route=\/wp\/v2\/posts\/29811\/revisions"}],"predecessor-version":[{"id":29813,"href":"https:\/\/www.egemtv.com\/index.php?rest_route=\/wp\/v2\/posts\/29811\/revisions\/29813"}],"wp:featuredmedia":[{"embeddable":true,"href":"https:\/\/www.egemtv.com\/index.php?rest_route=\/wp\/v2\/media\/29812"}],"wp:attachment":[{"href":"https:\/\/www.egemtv.com\/index.php?rest_route=%2Fwp%2Fv2%2Fmedia&parent=29811"}],"wp:term":[{"taxonomy":"category","embeddable":true,"href":"https:\/\/www.egemtv.com\/index.php?rest_route=%2Fwp%2Fv2%2Fcategories&post=29811"},{"taxonomy":"post_tag","embeddable":true,"href":"https:\/\/www.egemtv.com\/index.php?rest_route=%2Fwp%2Fv2%2Ftags&post=29811"}],"curies":[{"name":"wp","href":"https:\/\/api.w.org\/{rel}","templated":true}]}}