{"id":29808,"date":"2025-05-19T09:56:18","date_gmt":"2025-05-19T06:56:18","guid":{"rendered":"https:\/\/www.egemtv.com\/?p=29808"},"modified":"2025-05-19T09:56:23","modified_gmt":"2025-05-19T06:56:23","slug":"dto-45-uyesiyle-barcelona-otomotiv-fuarina-cikarma-yapti","status":"publish","type":"post","link":"https:\/\/www.egemtv.com\/?p=29808","title":{"rendered":"DTO, 45 \u00fcyesiyle Barcelona otomotiv fuar\u0131na \u00e7\u0131karma yapt\u0131"},"content":{"rendered":"<p>Denizli Ticaret Odas\u0131 (DTO), \u0130spanya\u2019n\u0131n Barselona kentinde ger\u00e7ekle\u015ftirilen Automobile 2025 Fuar\u0131na, sekt\u00f6rdeki 45 \u00fcyesinden olu\u015fan b\u00fcy\u00fck bir heyetle kat\u0131l\u0131m sa\u011flad\u0131. Ziyaret, DTO\u2019nun Barselona\u2019ya y\u00f6nelik ilk otomotiv sekt\u00f6r\u00fc fuar organizasyonu olmas\u0131 a\u00e7\u0131s\u0131ndan \u00f6nemli bir ad\u0131m olarak nitelendirildi.<\/p>\n<p>Denizli Ticaret Odas\u0131 (DTO), \u00fcyelerini, sekt\u00f6rlerindeki yeniliklerden haberdar olmalar\u0131 do\u011frultusunda destekliyor ve k\u00fcresel rekabette g\u00fc\u00e7lenmelerini sa\u011flamak ve giri\u015fimcilik ruhlar\u0131n\u0131 canl\u0131 tutmak amac\u0131yla da yurt i\u00e7i ve yurt d\u0131\u015f\u0131 fuarlara kat\u0131lmalar\u0131 i\u00e7in te\u015fvik ediyor. Bu sayede, \u00fcyeleri i\u015fletmelerinin verimlili\u011fini art\u0131r\u0131rken, Denizli\u2019nin uluslararas\u0131 ticaretteki konumu ile sekt\u00f6rlerini de g\u00fc\u00e7lendiriyor. Oda, 45 \u00fcyesiyle, bu kez de \u0130spanya\u2019ya \u00e7\u0131karma yapt\u0131.<\/p>\n<p>Otomotiv sekt\u00f6r\u00fcn\u00fcn, son y\u0131llarda h\u0131zla de\u011fi\u015fen teknolojiler ve t\u00fcketici beklentileriyle b\u00fcy\u00fck bir d\u00f6n\u00fc\u015f\u00fcm ya\u015fad\u0131\u011f\u0131na dikkat \u00e7eken DTO Y\u00f6netim Kurulu Ba\u015fkan\u0131 U\u011fur Erdo\u011fan, Barselona\u2019daki fuar\u0131n da bu anlamda \u00f6nemli oldu\u011funu ifade etti. Ba\u015fkan Erdo\u011fan, &#8220;Ziyaret\u00e7ilerinin d\u00fcnya \u00e7ap\u0131ndaki trendleri yerinde g\u00f6zlemlemeleri, firmalar\u0131n sekt\u00f6rel yenilikleri yak\u0131ndan takip ederek rekabet g\u00fc\u00e7lerini art\u0131rmalar\u0131na imkan tan\u0131yan bu b\u00fcy\u00fck organizasyon, \u00f6zellikle Uzak Do\u011fu men\u015feli elektrikli ara\u00e7lar\u0131n pazarda giderek daha g\u00fc\u00e7l\u00fc bir konum kazand\u0131\u011f\u0131n\u0131 ortaya koydu. Ayr\u0131ca, hibrit teknolojilere y\u00f6nelik artan taleple \u00fcr\u00fcn \u00e7e\u015fitlili\u011finin de h\u0131zla geni\u015fledi\u011fini g\u00f6sterdi. Heyetimizde yer alan \u00fcyelerimiz, fuar boyunca bir\u00e7ok yeni ba\u011flant\u0131 kurarak sekt\u00f6rlerindeki g\u00fcncel e\u011filimler hakk\u0131nda de\u011ferli bilgiler edindiler&#8221; dedi.<\/p>\n<p>DTO heyeti, T\u00fcrkiye Cumhuriyeti Devleti Barselona Ticaret Ata\u015fesi ile bulu\u015ftu<br \/>\n<br \/>Heyette yer alan Denizlili T\u00fcrk i\u015f insanlar\u0131, DTO\u2019nun fuar organizasyonu kapsam\u0131nda, T\u00fcrkiye Cumhuriyeti Barselona Ticaret Ata\u015fesi Mehmet \u00d6rnek ile de bir araya geldi. \u00dc\u00e7 bu\u00e7uk y\u0131ld\u0131r Barselona\u2019da g\u00f6rev yapan \u00d6rnek, b\u00f6lgedeki ticaret dinamikleri, pazar \u015fartlar\u0131 ve yerel i\u015f f\u0131rsatlar\u0131 hakk\u0131nda kapsaml\u0131 bilgi verdi ve tecr\u00fcbelerini payla\u015ft\u0131. Toplant\u0131n\u0131n son b\u00f6l\u00fcm\u00fcnde de DTO\u2019nun \u00fcyelerinin ticari konulardaki sorular\u0131n\u0131 yan\u0131tlad\u0131.<br \/>\n<br \/>DTO Meclis Ba\u015fkan Yard\u0131mc\u0131s\u0131 Tahir \u00d6rikli ile beraberindeki DTO meclis ve komite \u00fcyeleri, Ticaret Ata\u015fesi \u00d6rnek\u2019e desteklerinden dolay\u0131 te\u015fekk\u00fcr ederek hat\u0131ra plaketi takdim etti. DTO\u2019nun ithalat ve ihracat yapan firmalarla yeni ticari ba\u011flant\u0131lar kurma f\u0131rsat\u0131 da sunan organizasyonu, b\u00fcy\u00fck be\u011feni toplad\u0131.<\/p>\n<p>\u00dcyelerden Ba\u015fkan Erdo\u011fan\u2019a te\u015fekk\u00fcr<br \/>\n<br \/>Heyete ba\u015fkanl\u0131k eden DTO Meclis Ba\u015fkan Yard\u0131mc\u0131s\u0131 Tahir \u00d6rikli, fuar\u0131n sekt\u00f6r i\u00e7in \u00e7ok faydal\u0131 ge\u00e7ti\u011fini belirterek; &#8220;D\u00fcnyan\u0131n en b\u00fcy\u00fck markalar\u0131 burada. Bizler de ayn\u0131 sekt\u00f6rde yer alan yat\u0131r\u0131mc\u0131lar olarak yenilikleri ayn\u0131 alanda g\u00f6rerek yerinde inceleme imk\u00e2n\u0131 bulduk. Neler yapabilece\u011fimizi de g\u00f6rm\u00fc\u015f olduk. Eskiden bu t\u00fcr organizasyonlara kat\u0131l\u0131m s\u0131n\u0131rl\u0131 kal\u0131yordu fakat art\u0131k hem talep yo\u011fun hem de heyetimiz geni\u015f; ilgi \u00e7ok b\u00fcy\u00fck. Bize bu imk\u00e2n\u0131 tan\u0131yan Ba\u015fkan\u0131m\u0131z Say\u0131n U\u011fur Erdo\u011fan\u2019a te\u015fekk\u00fcr ederiz&#8221; dedi.<\/p>\n<p>DTO\u2019nun 15\u2019inci Meslek Komitesi\u2019nden Meclis \u00dcyesi Murat Saylan da Ba\u015fkan Erdo\u011fan\u2019a desteklerinden dolay\u0131 te\u015fekk\u00fcr etti. Saylan, &#8220;Sekt\u00f6r\u00fcm\u00fcz\u00fcn nas\u0131l \u015fekillendi\u011fini ve ne y\u00f6nde ilerledi\u011fini g\u00f6rd\u00fck. Ba\u015fkan\u0131m\u0131z Say\u0131n U\u011fur Erdo\u011fan, bu t\u00fcr organizasyonlar\u0131 \u00e7ok \u00f6nemsiyor ve b\u00fcy\u00fck destek veriyor; te\u015fekk\u00fcr ederiz. Bu sayede, bu tip i\u015f seyahatlerine ilgini her ge\u00e7en g\u00fcn daha da artt\u0131\u011f\u0131n\u0131 g\u00f6rmek bizleri de \u00e7ok mutlu ediyor&#8221; diye konu\u015ftu.<br \/><\/p>\n","protected":false},"excerpt":{"rendered":"<p>Denizli Ticaret Odas\u0131 (DTO), \u0130spanya\u2019n\u0131n Barselona kentinde ger\u00e7ekle\u015ftirilen Automobile 2025 Fuar\u0131na, sekt\u00f6rdeki 45 \u00fcyesinden olu\u015fan b\u00fcy\u00fck bir heyetle kat\u0131l\u0131m sa\u011flad\u0131. Ziyaret, DTO\u2019nun Barselona\u2019ya y\u00f6nelik ilk otomotiv sekt\u00f6r\u00fc fuar organizasyonu olmas\u0131 a\u00e7\u0131s\u0131ndan \u00f6nemli bir ad\u0131m olarak nitelendirildi. Denizli Ticaret Odas\u0131 (DTO), \u00fcyelerini, sekt\u00f6rlerindeki yeniliklerden haberdar olmalar\u0131 do\u011frultusunda destekliyor ve k\u00fcresel rekabette g\u00fc\u00e7lenmelerini sa\u011flamak ve giri\u015fimcilik ruhlar\u0131n\u0131&#8230;<\/p>\n","protected":false},"author":1,"featured_media":29809,"comment_status":"open","ping_status":"open","sticky":false,"template":"","format":"standard","meta":{"_crdt_document":"","footnotes":""},"categories":[125],"tags":[],"class_list":["post-29808","post","type-post","status-publish","format-standard","has-post-thumbnail","hentry","category-ekonomi"],"_links":{"self":[{"href":"https:\/\/www.egemtv.com\/index.php?rest_route=\/wp\/v2\/posts\/29808","targetHints":{"allow":["GET"]}}],"collection":[{"href":"https:\/\/www.egemtv.com\/index.php?rest_route=\/wp\/v2\/posts"}],"about":[{"href":"https:\/\/www.egemtv.com\/index.php?rest_route=\/wp\/v2\/types\/post"}],"author":[{"embeddable":true,"href":"https:\/\/www.egemtv.com\/index.php?rest_route=\/wp\/v2\/users\/1"}],"replies":[{"embeddable":true,"href":"https:\/\/www.egemtv.com\/index.php?rest_route=%2Fwp%2Fv2%2Fcomments&post=29808"}],"version-history":[{"count":1,"href":"https:\/\/www.egemtv.com\/index.php?rest_route=\/wp\/v2\/posts\/29808\/revisions"}],"predecessor-version":[{"id":29810,"href":"https:\/\/www.egemtv.com\/index.php?rest_route=\/wp\/v2\/posts\/29808\/revisions\/29810"}],"wp:featuredmedia":[{"embeddable":true,"href":"https:\/\/www.egemtv.com\/index.php?rest_route=\/wp\/v2\/media\/29809"}],"wp:attachment":[{"href":"https:\/\/www.egemtv.com\/index.php?rest_route=%2Fwp%2Fv2%2Fmedia&parent=29808"}],"wp:term":[{"taxonomy":"category","embeddable":true,"href":"https:\/\/www.egemtv.com\/index.php?rest_route=%2Fwp%2Fv2%2Fcategories&post=29808"},{"taxonomy":"post_tag","embeddable":true,"href":"https:\/\/www.egemtv.com\/index.php?rest_route=%2Fwp%2Fv2%2Ftags&post=29808"}],"curies":[{"name":"wp","href":"https:\/\/api.w.org\/{rel}","templated":true}]}}