{"id":29805,"date":"2025-05-19T09:56:13","date_gmt":"2025-05-19T06:56:13","guid":{"rendered":"https:\/\/www.egemtv.com\/?p=29805"},"modified":"2025-05-19T09:56:18","modified_gmt":"2025-05-19T06:56:18","slug":"serinlemek-icin-girdigi-egirdir-golunden-cansiz-bedeni-cikti","status":"publish","type":"post","link":"https:\/\/www.egemtv.com\/?p=29805","title":{"rendered":"Serinlemek i\u00e7in girdi\u011fi E\u011firdir G\u00f6l\u00fc\u2019nden cans\u0131z bedeni \u00e7\u0131kt\u0131"},"content":{"rendered":"<p>Afyonkarahisar\u2019dan arkada\u015flar\u0131yla birlikte E\u011firdir G\u00f6l\u00fc\u2019ne serinlemek i\u00e7in gelen ve d\u00fcn arama \u00e7al\u0131\u015fmas\u0131 ba\u015flat\u0131lan 34 ya\u015f\u0131ndaki Afgan uyruklu ki\u015finin g\u00f6lde cans\u0131z bedeni bulundu.<br \/>\n<br \/>Olay, saat 17.00 s\u0131ralar\u0131nda Isparta\u2019n\u0131n E\u011firdir il\u00e7esinde bulunan Alt\u0131nkum Plaj\u0131\u2019nda meydana geldi. Edinilen bilgilere g\u00f6re, Afyonkarahisar\u2019dan gezmek amac\u0131yla E\u011firdir\u2019e gelen ve mermer oca\u011f\u0131nda \u00e7al\u0131\u015ft\u0131klar\u0131 \u00f6\u011frenilen 8 arkada\u015ftan biri olan Afgan uyruklu Mohammad Horoon (34), piknik yapt\u0131klar\u0131 esnada serinlemek i\u00e7in E\u011firdir G\u00f6l\u00fc\u2019ne girdi. Deniz simidiyle g\u00f6le a\u00e7\u0131lan Horoon\u2019dan uzun s\u00fcre haber alamayan arkada\u015flar\u0131, bo\u011fulma \u015f\u00fcphesiyle 112 Acil \u00c7a\u011fr\u0131 Merkezi\u2019ni arayarak yard\u0131m istedi. \u0130hbar \u00fczerine b\u00f6lgeye polis, sa\u011fl\u0131k, AFAD, UMKE, Isparta Belediyesi \u0130tfaiyesi\u2019ne ba\u011fl\u0131 cankurtarma timi ile E\u011firdir Jandarma Bot Komutanl\u0131\u011f\u0131 ekipleri sevk edildi. Ekipler taraf\u0131ndan sonar destekli arama-kurtarma \u00e7al\u0131\u015fmas\u0131 ba\u015flat\u0131l\u0131rken, su alt\u0131 taramas\u0131 yapmak \u00fczere Antalya\u2019dan dalg\u0131\u00e7 ekipleri de b\u00f6lgeye y\u00f6nlendirildi. Gece saatlerine kadar s\u00fcren arama \u00e7al\u0131\u015fmalar\u0131n\u0131n ard\u0131ndan Horoon\u2019un cans\u0131z bedeni g\u00f6lde tespit edilerek dalg\u0131\u00e7lar taraf\u0131ndan \u00e7\u0131kar\u0131ld\u0131. Horoon\u2019un cenazesi, gerekli incelemelerin ard\u0131ndan hastane morguna kald\u0131r\u0131ld\u0131. Olayla ilgili soru\u015fturma ba\u015flat\u0131ld\u0131.<br \/><\/p>\n","protected":false},"excerpt":{"rendered":"<p>Afyonkarahisar\u2019dan arkada\u015flar\u0131yla birlikte E\u011firdir G\u00f6l\u00fc\u2019ne serinlemek i\u00e7in gelen ve d\u00fcn arama \u00e7al\u0131\u015fmas\u0131 ba\u015flat\u0131lan 34 ya\u015f\u0131ndaki Afgan uyruklu ki\u015finin g\u00f6lde cans\u0131z bedeni bulundu. Olay, saat 17.00 s\u0131ralar\u0131nda Isparta\u2019n\u0131n E\u011firdir il\u00e7esinde bulunan Alt\u0131nkum Plaj\u0131\u2019nda meydana geldi. Edinilen bilgilere g\u00f6re, Afyonkarahisar\u2019dan gezmek amac\u0131yla E\u011firdir\u2019e gelen ve mermer oca\u011f\u0131nda \u00e7al\u0131\u015ft\u0131klar\u0131 \u00f6\u011frenilen 8 arkada\u015ftan biri olan Afgan uyruklu Mohammad Horoon&#8230;<\/p>\n","protected":false},"author":1,"featured_media":29806,"comment_status":"open","ping_status":"open","sticky":false,"template":"","format":"standard","meta":{"_crdt_document":"","footnotes":""},"categories":[5],"tags":[],"class_list":["post-29805","post","type-post","status-publish","format-standard","has-post-thumbnail","hentry","category-asayis"],"_links":{"self":[{"href":"https:\/\/www.egemtv.com\/index.php?rest_route=\/wp\/v2\/posts\/29805","targetHints":{"allow":["GET"]}}],"collection":[{"href":"https:\/\/www.egemtv.com\/index.php?rest_route=\/wp\/v2\/posts"}],"about":[{"href":"https:\/\/www.egemtv.com\/index.php?rest_route=\/wp\/v2\/types\/post"}],"author":[{"embeddable":true,"href":"https:\/\/www.egemtv.com\/index.php?rest_route=\/wp\/v2\/users\/1"}],"replies":[{"embeddable":true,"href":"https:\/\/www.egemtv.com\/index.php?rest_route=%2Fwp%2Fv2%2Fcomments&post=29805"}],"version-history":[{"count":1,"href":"https:\/\/www.egemtv.com\/index.php?rest_route=\/wp\/v2\/posts\/29805\/revisions"}],"predecessor-version":[{"id":29807,"href":"https:\/\/www.egemtv.com\/index.php?rest_route=\/wp\/v2\/posts\/29805\/revisions\/29807"}],"wp:featuredmedia":[{"embeddable":true,"href":"https:\/\/www.egemtv.com\/index.php?rest_route=\/wp\/v2\/media\/29806"}],"wp:attachment":[{"href":"https:\/\/www.egemtv.com\/index.php?rest_route=%2Fwp%2Fv2%2Fmedia&parent=29805"}],"wp:term":[{"taxonomy":"category","embeddable":true,"href":"https:\/\/www.egemtv.com\/index.php?rest_route=%2Fwp%2Fv2%2Fcategories&post=29805"},{"taxonomy":"post_tag","embeddable":true,"href":"https:\/\/www.egemtv.com\/index.php?rest_route=%2Fwp%2Fv2%2Ftags&post=29805"}],"curies":[{"name":"wp","href":"https:\/\/api.w.org\/{rel}","templated":true}]}}