{"id":29799,"date":"2025-05-19T09:37:27","date_gmt":"2025-05-19T06:37:27","guid":{"rendered":"https:\/\/www.egemtv.com\/?p=29799"},"modified":"2025-05-19T09:37:32","modified_gmt":"2025-05-19T06:37:32","slug":"hamza-seyh-dedeyi-anma-ve-hidirellez-kultur-bahar-bayrami-kutlandi","status":"publish","type":"post","link":"https:\/\/www.egemtv.com\/?p=29799","title":{"rendered":"Hamza \u015eeyh Dede\u2019yi Anma ve H\u0131d\u0131rellez K\u00fclt\u00fcr Bahar Bayram\u0131 kutland\u0131"},"content":{"rendered":"<p>Afyonkarahisar\u2019\u0131n \u015euhut il\u00e7esine ba\u011fl\u0131 Kayabelen K\u00f6y\u00fc\u2019nde bu y\u0131l 28\u2019incisi d\u00fczenlenen Hamza \u015eeyh Dede\u2019yi Anma ve H\u0131d\u0131rellez K\u00fclt\u00fcr Bahar Bayram\u0131 etkinli\u011fine yo\u011fun kat\u0131l\u0131m ile ger\u00e7ekle\u015ftirildi.<br \/>\n<br \/>Afyonkarahisar Vali Yard\u0131mc\u0131s\u0131 Ali Uysal, Sand\u0131kl\u0131 Kaymakam\u0131 \u0130zzet Cem Eser ve protokol \u00fcyelerinin kat\u0131ld\u0131\u011f\u0131 anma ve kutlama etkinli\u011fi \u00e7e\u015fitli g\u00f6sterilere sahne oldu. Vatanda\u015flar\u0131n yo\u011fun ilgi g\u00f6sterdi\u011fi etkinlikte, geleneksel H\u0131d\u0131rellez k\u00fclt\u00fcr\u00fc ya\u015fat\u0131l\u0131rken birlik, beraberlik ve dayan\u0131\u015fma duygular\u0131 da peki\u015ftirildi. Programda dualar okunup, halk oyunlar\u0131 ve \u00e7e\u015fitli y\u00f6resel g\u00f6steriler sergilendi. Afyonkarahisar Valili\u011fi himayesinde ger\u00e7ekle\u015ftirilen etkinlik, k\u00fclt\u00fcrel miras\u0131n ya\u015fat\u0131lmas\u0131na katk\u0131 sunarken ayn\u0131 zamanda Kayabelen K\u00f6y\u00fc\u2019nde renkli ve co\u015fkulu anlara sahne oldu.<br \/><\/p>\n","protected":false},"excerpt":{"rendered":"<p>Afyonkarahisar\u2019\u0131n \u015euhut il\u00e7esine ba\u011fl\u0131 Kayabelen K\u00f6y\u00fc\u2019nde bu y\u0131l 28\u2019incisi d\u00fczenlenen Hamza \u015eeyh Dede\u2019yi Anma ve H\u0131d\u0131rellez K\u00fclt\u00fcr Bahar Bayram\u0131 etkinli\u011fine yo\u011fun kat\u0131l\u0131m ile ger\u00e7ekle\u015ftirildi. Afyonkarahisar Vali Yard\u0131mc\u0131s\u0131 Ali Uysal, Sand\u0131kl\u0131 Kaymakam\u0131 \u0130zzet Cem Eser ve protokol \u00fcyelerinin kat\u0131ld\u0131\u011f\u0131 anma ve kutlama etkinli\u011fi \u00e7e\u015fitli g\u00f6sterilere sahne oldu. Vatanda\u015flar\u0131n yo\u011fun ilgi g\u00f6sterdi\u011fi etkinlikte, geleneksel H\u0131d\u0131rellez k\u00fclt\u00fcr\u00fc ya\u015fat\u0131l\u0131rken&#8230;<\/p>\n","protected":false},"author":1,"featured_media":29800,"comment_status":"open","ping_status":"open","sticky":false,"template":"","format":"standard","meta":{"_crdt_document":"","footnotes":""},"categories":[1],"tags":[],"class_list":["post-29799","post","type-post","status-publish","format-standard","has-post-thumbnail","hentry","category-guncel"],"_links":{"self":[{"href":"https:\/\/www.egemtv.com\/index.php?rest_route=\/wp\/v2\/posts\/29799","targetHints":{"allow":["GET"]}}],"collection":[{"href":"https:\/\/www.egemtv.com\/index.php?rest_route=\/wp\/v2\/posts"}],"about":[{"href":"https:\/\/www.egemtv.com\/index.php?rest_route=\/wp\/v2\/types\/post"}],"author":[{"embeddable":true,"href":"https:\/\/www.egemtv.com\/index.php?rest_route=\/wp\/v2\/users\/1"}],"replies":[{"embeddable":true,"href":"https:\/\/www.egemtv.com\/index.php?rest_route=%2Fwp%2Fv2%2Fcomments&post=29799"}],"version-history":[{"count":1,"href":"https:\/\/www.egemtv.com\/index.php?rest_route=\/wp\/v2\/posts\/29799\/revisions"}],"predecessor-version":[{"id":29801,"href":"https:\/\/www.egemtv.com\/index.php?rest_route=\/wp\/v2\/posts\/29799\/revisions\/29801"}],"wp:featuredmedia":[{"embeddable":true,"href":"https:\/\/www.egemtv.com\/index.php?rest_route=\/wp\/v2\/media\/29800"}],"wp:attachment":[{"href":"https:\/\/www.egemtv.com\/index.php?rest_route=%2Fwp%2Fv2%2Fmedia&parent=29799"}],"wp:term":[{"taxonomy":"category","embeddable":true,"href":"https:\/\/www.egemtv.com\/index.php?rest_route=%2Fwp%2Fv2%2Fcategories&post=29799"},{"taxonomy":"post_tag","embeddable":true,"href":"https:\/\/www.egemtv.com\/index.php?rest_route=%2Fwp%2Fv2%2Ftags&post=29799"}],"curies":[{"name":"wp","href":"https:\/\/api.w.org\/{rel}","templated":true}]}}