{"id":29796,"date":"2025-05-19T09:37:21","date_gmt":"2025-05-19T06:37:21","guid":{"rendered":"https:\/\/www.egemtv.com\/?p=29796"},"modified":"2025-05-19T09:37:26","modified_gmt":"2025-05-19T06:37:26","slug":"bir-kilometrelik-turk-bayragiyla-19-mayis-coskusu","status":"publish","type":"post","link":"https:\/\/www.egemtv.com\/?p=29796","title":{"rendered":"Bir kilometrelik T\u00fcrk bayra\u011f\u0131yla 19 May\u0131s co\u015fkusu"},"content":{"rendered":"<p>Afyonkarahisar Valili\u011fi koordinesinde d\u00fczenlenen 19 May\u0131s Atat\u00fcrk\u2019\u00fc Anma, Gen\u00e7lik ve Spor Bayram\u0131 etkinlikleri \u00e7er\u00e7evesinde Eski M\u00fcze \u00d6n\u00fc\u2019nden Zafer Meydan\u0131\u2019na uzanan Gen\u00e7lik Y\u00fcr\u00fcy\u00fc\u015f\u00fc yo\u011fun kat\u0131l\u0131mla ger\u00e7ekle\u015ftirildi.<br \/>\n<br \/>1000 metrelik ay y\u0131ld\u0131zl\u0131 T\u00fcrk bayra\u011f\u0131 e\u015fli\u011finde d\u00fczenlenen y\u00fcr\u00fcy\u00fc\u015fe, Vali Yard\u0131mc\u0131s\u0131 \u0130hsan Ayranc\u0131, protokol \u00fcyeleri, vatanda\u015flar ve gen\u00e7ler kat\u0131ld\u0131. Y\u00fcr\u00fcy\u00fc\u015f\u00fcn ard\u0131ndan, Gen\u00e7lik ve Spor \u0130l M\u00fcd\u00fcrl\u00fc\u011f\u00fc\u2019ne ba\u011fl\u0131 yurtlarda kalan \u00f6\u011frencilerden olu\u015fan koro An\u0131tpark\u2019ta sahne alarak birbirinden anlaml\u0131 eserleri seslendirdi. Etkinlikler, gen\u00e7lerin enerjisi ve milli birlik ruhuyla bayram co\u015fkusuna sahne oldu.<br \/><\/p>\n","protected":false},"excerpt":{"rendered":"<p>Afyonkarahisar Valili\u011fi koordinesinde d\u00fczenlenen 19 May\u0131s Atat\u00fcrk\u2019\u00fc Anma, Gen\u00e7lik ve Spor Bayram\u0131 etkinlikleri \u00e7er\u00e7evesinde Eski M\u00fcze \u00d6n\u00fc\u2019nden Zafer Meydan\u0131\u2019na uzanan Gen\u00e7lik Y\u00fcr\u00fcy\u00fc\u015f\u00fc yo\u011fun kat\u0131l\u0131mla ger\u00e7ekle\u015ftirildi. 1000 metrelik ay y\u0131ld\u0131zl\u0131 T\u00fcrk bayra\u011f\u0131 e\u015fli\u011finde d\u00fczenlenen y\u00fcr\u00fcy\u00fc\u015fe, Vali Yard\u0131mc\u0131s\u0131 \u0130hsan Ayranc\u0131, protokol \u00fcyeleri, vatanda\u015flar ve gen\u00e7ler kat\u0131ld\u0131. Y\u00fcr\u00fcy\u00fc\u015f\u00fcn ard\u0131ndan, Gen\u00e7lik ve Spor \u0130l M\u00fcd\u00fcrl\u00fc\u011f\u00fc\u2019ne ba\u011fl\u0131 yurtlarda kalan \u00f6\u011frencilerden&#8230;<\/p>\n","protected":false},"author":1,"featured_media":29797,"comment_status":"open","ping_status":"open","sticky":false,"template":"","format":"standard","meta":{"_crdt_document":"","footnotes":""},"categories":[1],"tags":[],"class_list":["post-29796","post","type-post","status-publish","format-standard","has-post-thumbnail","hentry","category-guncel"],"_links":{"self":[{"href":"https:\/\/www.egemtv.com\/index.php?rest_route=\/wp\/v2\/posts\/29796","targetHints":{"allow":["GET"]}}],"collection":[{"href":"https:\/\/www.egemtv.com\/index.php?rest_route=\/wp\/v2\/posts"}],"about":[{"href":"https:\/\/www.egemtv.com\/index.php?rest_route=\/wp\/v2\/types\/post"}],"author":[{"embeddable":true,"href":"https:\/\/www.egemtv.com\/index.php?rest_route=\/wp\/v2\/users\/1"}],"replies":[{"embeddable":true,"href":"https:\/\/www.egemtv.com\/index.php?rest_route=%2Fwp%2Fv2%2Fcomments&post=29796"}],"version-history":[{"count":1,"href":"https:\/\/www.egemtv.com\/index.php?rest_route=\/wp\/v2\/posts\/29796\/revisions"}],"predecessor-version":[{"id":29798,"href":"https:\/\/www.egemtv.com\/index.php?rest_route=\/wp\/v2\/posts\/29796\/revisions\/29798"}],"wp:featuredmedia":[{"embeddable":true,"href":"https:\/\/www.egemtv.com\/index.php?rest_route=\/wp\/v2\/media\/29797"}],"wp:attachment":[{"href":"https:\/\/www.egemtv.com\/index.php?rest_route=%2Fwp%2Fv2%2Fmedia&parent=29796"}],"wp:term":[{"taxonomy":"category","embeddable":true,"href":"https:\/\/www.egemtv.com\/index.php?rest_route=%2Fwp%2Fv2%2Fcategories&post=29796"},{"taxonomy":"post_tag","embeddable":true,"href":"https:\/\/www.egemtv.com\/index.php?rest_route=%2Fwp%2Fv2%2Ftags&post=29796"}],"curies":[{"name":"wp","href":"https:\/\/api.w.org\/{rel}","templated":true}]}}