{"id":29787,"date":"2025-05-19T09:15:58","date_gmt":"2025-05-19T06:15:58","guid":{"rendered":"https:\/\/www.egemtv.com\/?p=29787"},"modified":"2025-05-19T09:16:03","modified_gmt":"2025-05-19T06:16:03","slug":"aydinin-basarili-muduru-mumcuya-japonya-imparatorluk-nisani-verildi","status":"publish","type":"post","link":"https:\/\/www.egemtv.com\/?p=29787","title":{"rendered":"Ayd\u0131n\u2019\u0131n ba\u015far\u0131l\u0131 m\u00fcd\u00fcr\u00fc Mumcu\u2019ya Japonya \u0130mparatorluk Ni\u015fan\u0131 verildi"},"content":{"rendered":"<p>Ba\u015far\u0131l\u0131 \u00e7al\u0131\u015fmalar\u0131 ile dikkat \u00e7eken Afet ve Acil Durum Y\u00f6netimi Ba\u015fkanl\u0131\u011f\u0131 (AFAD) Ayd\u0131n \u0130l M\u00fcd\u00fcr\u00fc Yal\u00e7\u0131n Mumcu\u2019ya Japonya \u0130mparatorluk Ni\u015fan\u0131 verildi. Japonya\u2019n\u0131n en prestijli devlet ni\u015fanlar\u0131ndan biri olan &#8220;Alt\u0131n I\u015f\u0131klar Y\u00fckselen G\u00fcne\u015f Ni\u015fan\u0131&#8221;, Tokyo B\u00fcy\u00fckel\u00e7ili\u011fi\u2019nde d\u00fczenlenen \u00f6zel bir t\u00f6renle Japonya B\u00fcy\u00fckel\u00e7isi Katsumata Takahiko taraf\u0131ndan Yal\u00e7\u0131n Mumcu\u2019ya takdim edildi.<br \/>\n<br \/>Japonya\u2019da 11 Mart 2011 tarihinde meydana gelen 9.1 b\u00fcy\u00fckl\u00fc\u011f\u00fcndeki y\u0131k\u0131c\u0131 deprem ve ard\u0131ndan olu\u015fan tsunami, sadece Japonya\u2019y\u0131 de\u011fil t\u00fcm d\u00fcnyay\u0131 derinden sarsm\u0131\u015ft\u0131. Felaketin ard\u0131ndan T\u00fcrkiye, dost \u00fclkeye destek amac\u0131yla arama-kurtarma ekiplerini h\u0131zla b\u00f6lgeye sevk etti. O d\u00f6nemde Bursa AFAD \u0130l M\u00fcd\u00fcr\u00fc olan ve \u015fu anda Ayd\u0131n\u2019da g\u00f6rev yapan Yal\u00e7\u0131n Mumcu, bu yard\u0131m seferberli\u011finde \u00f6nemli bir rol \u00fcstlendi. AFAD Ayd\u0131n \u0130l M\u00fcd\u00fcrl\u00fc\u011f\u00fc g\u00f6revini s\u00fcrd\u00fcren Yal\u00e7\u0131n Mumcu\u2019nun liderli\u011findeki T\u00fcrk arama-kurtarma ekibi, Japonya\u2019da g\u00f6revini en uzun s\u00fcre s\u00fcrd\u00fcren ekiplerden biri oldu. Zorlu ko\u015fullarda b\u00fcy\u00fck bir \u00f6zveriyle \u00e7al\u0131\u015fan ekip, b\u00f6lgedeki arama kurtarma \u00e7al\u0131\u015fmalar\u0131na \u00f6nemli katk\u0131lar sundu. Japon halk\u0131 ve yetkilileri taraf\u0131ndan takdirle kar\u015f\u0131lanan bu \u00e7aba, 14 y\u0131l sonra Japonya\u2019n\u0131n en prestijli devlet ni\u015fan\u0131 \u00f6d\u00fcl\u00fcyle te\u015fekk\u00fcr edildi.<br \/>\n<br \/>Japonya h\u00fck\u00fcmeti taraf\u0131ndan verilen en prestijli devlet ni\u015fanlar\u0131ndan biri olan &#8220;Alt\u0131n I\u015f\u0131klar Y\u00fckselen G\u00fcne\u015f Ni\u015fan\u0131&#8221;, Tokyo B\u00fcy\u00fckel\u00e7ili\u011fi\u2019nde d\u00fczenlenen \u00f6zel bir t\u00f6renle Japonya B\u00fcy\u00fckel\u00e7isi Katsumata Takahiko taraf\u0131ndan AFAD Ayd\u0131n \u0130l M\u00fcd\u00fcr\u00fc Yal\u00e7\u0131n Mumcu\u2019ya takdim edildi.<br \/>\n<br \/>&#8220;\u00dclkemiz ve milletimizi ad\u0131na gurur verici&#8221;<br \/>\n<br \/>\u00c7al\u0131\u015fma hayat\u0131 ba\u015far\u0131larla dolu olan ve ba\u015far\u0131l\u0131 \u00e7al\u0131\u015fmalar\u0131n\u0131 Ayd\u0131n\u2019da devam eden AFAD Ayd\u0131n \u0130l M\u00fcd\u00fcr\u00fc Yal\u00e7\u0131n Mumcu, ald\u0131\u011f\u0131 bu b\u00fcy\u00fck onuru &#8220;\u00fclkem ve milletimiz ad\u0131na gurur verici&#8221; diye de\u011ferlendirdi. 2011\u2019de ya\u015fanan felakette verilen vazifeyi en iyi \u015fekilde yerine getirmek i\u00e7in Japonya\u2019ya g\u00f6nderildiklerini belirten Mumcu, Japon halk\u0131na yard\u0131m etmenin kendileri i\u00e7in bir g\u00f6rev ve insanl\u0131k sorumlulu\u011fu oldu\u011funu dile getirdi.<br \/>\n<br \/>&#8220;T\u00fcrk ekibinin Japon halk\u0131 \u00fczerindeki etkisini unutmad\u0131k&#8221;<br \/>\n<br \/>T\u00f6rende konu\u015fan B\u00fcy\u00fckel\u00e7i Katsumata Takahiko, Mumcu\u2019nun ve T\u00fcrk ekibinin Japon halk\u0131 \u00fczerindeki etkisini unutmad\u0131klar\u0131n\u0131 belirterek &#8220;Zor zamanlarda g\u00f6sterilen dostluk unutulmaz. T\u00fcrkiye\u2019nin ve \u00f6zellikle Mumcu\u2019nun katk\u0131s\u0131 Japon halk\u0131n\u0131n kalbinde yer etmi\u015ftir&#8221; diye konu\u015ftu.<br \/>\n<br \/>AFAD Ayd\u0131n \u0130l M\u00fcd\u00fcr\u00fc Yal\u00e7\u0131n Mumcu\u2019ye verilen bu \u00f6d\u00fcl, T\u00fcrkiye\u2019nin uluslararas\u0131 krizlerdeki dayan\u0131\u015fma ruhunu ve AFAD\u2019\u0131n d\u00fcnya \u00e7ap\u0131ndaki sayg\u0131nl\u0131\u011f\u0131n\u0131 yeniden g\u00f6zler \u00f6n\u00fcne serdi.<br \/><\/p>\n","protected":false},"excerpt":{"rendered":"<p>Ba\u015far\u0131l\u0131 \u00e7al\u0131\u015fmalar\u0131 ile dikkat \u00e7eken Afet ve Acil Durum Y\u00f6netimi Ba\u015fkanl\u0131\u011f\u0131 (AFAD) Ayd\u0131n \u0130l M\u00fcd\u00fcr\u00fc Yal\u00e7\u0131n Mumcu\u2019ya Japonya \u0130mparatorluk Ni\u015fan\u0131 verildi. Japonya\u2019n\u0131n en prestijli devlet ni\u015fanlar\u0131ndan biri olan &#8220;Alt\u0131n I\u015f\u0131klar Y\u00fckselen G\u00fcne\u015f Ni\u015fan\u0131&#8221;, Tokyo B\u00fcy\u00fckel\u00e7ili\u011fi\u2019nde d\u00fczenlenen \u00f6zel bir t\u00f6renle Japonya B\u00fcy\u00fckel\u00e7isi Katsumata Takahiko taraf\u0131ndan Yal\u00e7\u0131n Mumcu\u2019ya takdim edildi. Japonya\u2019da 11 Mart 2011 tarihinde meydana gelen&#8230;<\/p>\n","protected":false},"author":1,"featured_media":29788,"comment_status":"open","ping_status":"open","sticky":false,"template":"","format":"standard","meta":{"_crdt_document":"","footnotes":""},"categories":[1],"tags":[],"class_list":["post-29787","post","type-post","status-publish","format-standard","has-post-thumbnail","hentry","category-guncel"],"_links":{"self":[{"href":"https:\/\/www.egemtv.com\/index.php?rest_route=\/wp\/v2\/posts\/29787","targetHints":{"allow":["GET"]}}],"collection":[{"href":"https:\/\/www.egemtv.com\/index.php?rest_route=\/wp\/v2\/posts"}],"about":[{"href":"https:\/\/www.egemtv.com\/index.php?rest_route=\/wp\/v2\/types\/post"}],"author":[{"embeddable":true,"href":"https:\/\/www.egemtv.com\/index.php?rest_route=\/wp\/v2\/users\/1"}],"replies":[{"embeddable":true,"href":"https:\/\/www.egemtv.com\/index.php?rest_route=%2Fwp%2Fv2%2Fcomments&post=29787"}],"version-history":[{"count":1,"href":"https:\/\/www.egemtv.com\/index.php?rest_route=\/wp\/v2\/posts\/29787\/revisions"}],"predecessor-version":[{"id":29789,"href":"https:\/\/www.egemtv.com\/index.php?rest_route=\/wp\/v2\/posts\/29787\/revisions\/29789"}],"wp:featuredmedia":[{"embeddable":true,"href":"https:\/\/www.egemtv.com\/index.php?rest_route=\/wp\/v2\/media\/29788"}],"wp:attachment":[{"href":"https:\/\/www.egemtv.com\/index.php?rest_route=%2Fwp%2Fv2%2Fmedia&parent=29787"}],"wp:term":[{"taxonomy":"category","embeddable":true,"href":"https:\/\/www.egemtv.com\/index.php?rest_route=%2Fwp%2Fv2%2Fcategories&post=29787"},{"taxonomy":"post_tag","embeddable":true,"href":"https:\/\/www.egemtv.com\/index.php?rest_route=%2Fwp%2Fv2%2Ftags&post=29787"}],"curies":[{"name":"wp","href":"https:\/\/api.w.org\/{rel}","templated":true}]}}