{"id":29784,"date":"2025-05-19T09:15:52","date_gmt":"2025-05-19T06:15:52","guid":{"rendered":"https:\/\/www.egemtv.com\/?p=29784"},"modified":"2025-05-19T09:15:58","modified_gmt":"2025-05-19T06:15:58","slug":"denizlili-milli-sporcularin-yer-aldigi-senin-farkin-var-klipi-ilgi-gordu","status":"publish","type":"post","link":"https:\/\/www.egemtv.com\/?p=29784","title":{"rendered":"Denizlili milli sporcular\u0131n yer ald\u0131\u011f\u0131 \u2019Senin Fark\u0131n Var\u2019 klipi ilgi g\u00f6rd\u00fc"},"content":{"rendered":"<p>DEN\u0130ZL\u0130 (\u0130HA) \u2013 Denizli\u2019de 19 May\u0131s Atat\u00fcrl\u2019\u00fc Anma Gen\u00e7lik ve Spor Bayram\u0131na \u00f6zel olarak Gen\u00e7lik ve Spor \u0130l M\u00fcd\u00fcrl\u00fc\u011f\u00fc taraf\u0131ndan Denizli\u2019yi uluslararas\u0131 ba\u015far\u0131lar\u0131yla gururland\u0131ran sporcular\u0131n yer ald\u0131\u011f\u0131 bir klip yay\u0131nland\u0131.<\/p>\n<p>&#8220;Senin Fark\u0131n Var&#8221; adl\u0131 klipte 2024 ve 2025 y\u0131llar\u0131nda D\u00fcnyan\u0131n farkl\u0131 \u00fclkelerinde ger\u00e7ekle\u015fen Avrupa, D\u00fcnya, Olimpiyat ve Balkan \u015eampiyonalar\u0131 gibi yar\u0131\u015fmalarda madalya kazanan sporcular yer ald\u0131. Aralar\u0131nda Goalball Olimpiyat \u015eampiyonu Denizlili sporcular \u015eeydanur Kaplan, Berfin Altan, Y\u00fczmede T\u00fcrk Sporunun y\u0131ld\u0131zlar\u0131 \u0130brahim Burhan, Emine Do\u011fa Akta\u015f, Ahmet Mete Boylu, D\u00fcnya ikincisi g\u00fcre\u015f\u00e7i Kaan Emirhan Asar, Satran\u00e7ta Efe Aynao\u011flu, Ali T\u00fct\u00fcnc\u00fc, Bisiklette Buse Ertekin, Halterde Ali Osman \u00c7\u0131nlar gibi Milli Tak\u0131m sporcular\u0131n\u0131n \u00e7ekimleri yap\u0131ld\u0131.<\/p>\n<p>Profesyonel ve yapay zeka destekli seslendirme ile haz\u0131rlanan klip, iki g\u00fcnde 100 bin izlenmeyi a\u015farak yank\u0131 uyand\u0131rd\u0131.<br \/><\/p>\n","protected":false},"excerpt":{"rendered":"<p>DEN\u0130ZL\u0130 (\u0130HA) \u2013 Denizli\u2019de 19 May\u0131s Atat\u00fcrl\u2019\u00fc Anma Gen\u00e7lik ve Spor Bayram\u0131na \u00f6zel olarak Gen\u00e7lik ve Spor \u0130l M\u00fcd\u00fcrl\u00fc\u011f\u00fc taraf\u0131ndan Denizli\u2019yi uluslararas\u0131 ba\u015far\u0131lar\u0131yla gururland\u0131ran sporcular\u0131n yer ald\u0131\u011f\u0131 bir klip yay\u0131nland\u0131. &#8220;Senin Fark\u0131n Var&#8221; adl\u0131 klipte 2024 ve 2025 y\u0131llar\u0131nda D\u00fcnyan\u0131n farkl\u0131 \u00fclkelerinde ger\u00e7ekle\u015fen Avrupa, D\u00fcnya, Olimpiyat ve Balkan \u015eampiyonalar\u0131 gibi yar\u0131\u015fmalarda madalya kazanan sporcular yer&#8230;<\/p>\n","protected":false},"author":1,"featured_media":29785,"comment_status":"open","ping_status":"open","sticky":false,"template":"","format":"standard","meta":{"_crdt_document":"","footnotes":""},"categories":[4],"tags":[],"class_list":["post-29784","post","type-post","status-publish","format-standard","has-post-thumbnail","hentry","category-spor"],"_links":{"self":[{"href":"https:\/\/www.egemtv.com\/index.php?rest_route=\/wp\/v2\/posts\/29784","targetHints":{"allow":["GET"]}}],"collection":[{"href":"https:\/\/www.egemtv.com\/index.php?rest_route=\/wp\/v2\/posts"}],"about":[{"href":"https:\/\/www.egemtv.com\/index.php?rest_route=\/wp\/v2\/types\/post"}],"author":[{"embeddable":true,"href":"https:\/\/www.egemtv.com\/index.php?rest_route=\/wp\/v2\/users\/1"}],"replies":[{"embeddable":true,"href":"https:\/\/www.egemtv.com\/index.php?rest_route=%2Fwp%2Fv2%2Fcomments&post=29784"}],"version-history":[{"count":1,"href":"https:\/\/www.egemtv.com\/index.php?rest_route=\/wp\/v2\/posts\/29784\/revisions"}],"predecessor-version":[{"id":29786,"href":"https:\/\/www.egemtv.com\/index.php?rest_route=\/wp\/v2\/posts\/29784\/revisions\/29786"}],"wp:featuredmedia":[{"embeddable":true,"href":"https:\/\/www.egemtv.com\/index.php?rest_route=\/wp\/v2\/media\/29785"}],"wp:attachment":[{"href":"https:\/\/www.egemtv.com\/index.php?rest_route=%2Fwp%2Fv2%2Fmedia&parent=29784"}],"wp:term":[{"taxonomy":"category","embeddable":true,"href":"https:\/\/www.egemtv.com\/index.php?rest_route=%2Fwp%2Fv2%2Fcategories&post=29784"},{"taxonomy":"post_tag","embeddable":true,"href":"https:\/\/www.egemtv.com\/index.php?rest_route=%2Fwp%2Fv2%2Ftags&post=29784"}],"curies":[{"name":"wp","href":"https:\/\/api.w.org\/{rel}","templated":true}]}}