{"id":29781,"date":"2025-05-19T09:15:44","date_gmt":"2025-05-19T06:15:44","guid":{"rendered":"https:\/\/www.egemtv.com\/?p=29781"},"modified":"2025-05-19T09:15:52","modified_gmt":"2025-05-19T06:15:52","slug":"milletvekili-un-19-mayis-bagimsizlik-atesinin-sonmeyeceginin-ifadesidir","status":"publish","type":"post","link":"https:\/\/www.egemtv.com\/?p=29781","title":{"rendered":"Milletvekili \u00dcn: &#8220;19 May\u0131s, ba\u011f\u0131ms\u0131zl\u0131k ate\u015finin s\u00f6nmeyece\u011finin ifadesidir&#8221;"},"content":{"rendered":"<p>Gelecek Partisi Denizli Milletvekili Sema Silkin \u00dcn, 19 May\u0131s Atat\u00fcrk\u2019\u00fc Anma, Gen\u00e7lik ve Spor Bayram\u0131 dolay\u0131s\u0131yla yay\u0131mlad\u0131\u011f\u0131 mesaj\u0131nda, 1919\u2019da Gazi Mustafa Kemal Atat\u00fcrk ve silah arkada\u015flar\u0131n\u0131n Samsun\u2019a \u00e7\u0131karak yakt\u0131\u011f\u0131 ba\u011f\u0131ms\u0131zl\u0131k ate\u015finin s\u00f6nmeyece\u011fini vurgulad\u0131.<\/p>\n<p>Gelecek Partisi Denizli Milletvekili Sema Silkin \u00dcn, 19 May\u0131s Atat\u00fcrk\u2019\u00fc Anma, Gen\u00e7lik ve Spor Bayram\u0131 dolay\u0131s\u0131yla yaz\u0131l\u0131 a\u00e7\u0131klama yapt\u0131. Milletvekili \u00dcn, a\u00e7\u0131klamas\u0131nda, 19 May\u0131s\u2019\u0131n T\u00fcrk milletinin ba\u011f\u0131ms\u0131zl\u0131k m\u00fccadelesinin simgesi oldu\u011funu ve bu tarihin T\u00fcrk milletinin \u00f6zg\u00fcrl\u00fck yolundaki kararl\u0131l\u0131\u011f\u0131n\u0131 t\u00fcm d\u00fcnyaya ilan etti\u011fini ifade etti. Milletvekili Sema Silkin \u00dcn, 19 May\u0131s\u2019\u0131n sadece bir bayram olman\u0131n \u00f6tesinde, T\u00fcrk milletinin kurtulu\u015f m\u00fccadelesinin ilk ad\u0131m\u0131n\u0131n at\u0131ld\u0131\u011f\u0131 tarih oldu\u011funu belirtti. \u00dcn, &#8220;Gazi Mustafa Kemal Atat\u00fcrk ve silah arkada\u015flar\u0131n\u0131n 1919\u2019da Samsun\u2019a \u00e7\u0131karak yakt\u0131klar\u0131 ba\u011f\u0131ms\u0131zl\u0131k ate\u015fi, bu topraklarda hi\u00e7bir zaman s\u00f6nmedi, s\u00f6nmeyecek. 19 May\u0131s, milletimizin \u00f6zg\u00fcrl\u00fck ve ba\u011f\u0131ms\u0131zl\u0131k yolundaki iradesinin simgesidir. Bug\u00fcn, Cumhuriyetimizin teminat\u0131 olan gen\u00e7lerimize olan g\u00fcvenin her zamankinden daha \u00f6nemli oldu\u011fu bir d\u00f6nemdeyiz. Gen\u00e7lerimiz, yar\u0131n\u0131n liderleri olarak verece\u011fimiz her f\u0131rsat, \u00fclkemizin daha g\u00fc\u00e7l\u00fc bir yar\u0131na kavu\u015fmas\u0131na katk\u0131 sa\u011flayacakt\u0131r. Biz biliyoruz ki tarihte b\u00fct\u00fcn hareketler gen\u00e7lerle ba\u015flam\u0131\u015f, gen\u00e7lerle ba\u015far\u0131ya ula\u015fm\u0131\u015ft\u0131r. Gen\u00e7ler tarih boyunca ba\u015f vermi\u015fler ama asla ba\u015f e\u011fmemi\u015flerdir. Bizim tarihimizde de gen\u00e7ler hep idealleri pe\u015finde y\u00fcr\u00fcd\u00fcler ve bu u\u011furda bedel \u00f6dediler.<br \/>\n<br \/>19 May\u0131s, ayn\u0131 zamanda vatan\u0131 u\u011fruna canlar\u0131n\u0131 feda eden kahramanlar\u0131m\u0131z\u0131 anma ve minnet duygusuyla dolu bir g\u00fcnd\u00fcr. Onlar\u0131n kahramanl\u0131klar\u0131 ve fedak\u00e2rl\u0131klar\u0131, her zaman kalbimizde ya\u015famaya devam edecektir. Ba\u015fta Gazi Mustafa Kemal Atat\u00fcrk ve silah arkada\u015flar\u0131 olmak \u00fczere t\u00fcm \u015fehitlerimizi rahmetle an\u0131yor; milletimizin 19 May\u0131s\u2019\u0131n\u0131 kutluyor, gelece\u011fimiz i\u00e7in el birli\u011fiyle \u00e7al\u0131\u015fmaya devam edece\u011fimizi bir kez daha yinelemek istiyorum&#8221; dedi.<br \/><\/p>\n","protected":false},"excerpt":{"rendered":"<p>Gelecek Partisi Denizli Milletvekili Sema Silkin \u00dcn, 19 May\u0131s Atat\u00fcrk\u2019\u00fc Anma, Gen\u00e7lik ve Spor Bayram\u0131 dolay\u0131s\u0131yla yay\u0131mlad\u0131\u011f\u0131 mesaj\u0131nda, 1919\u2019da Gazi Mustafa Kemal Atat\u00fcrk ve silah arkada\u015flar\u0131n\u0131n Samsun\u2019a \u00e7\u0131karak yakt\u0131\u011f\u0131 ba\u011f\u0131ms\u0131zl\u0131k ate\u015finin s\u00f6nmeyece\u011fini vurgulad\u0131. Gelecek Partisi Denizli Milletvekili Sema Silkin \u00dcn, 19 May\u0131s Atat\u00fcrk\u2019\u00fc Anma, Gen\u00e7lik ve Spor Bayram\u0131 dolay\u0131s\u0131yla yaz\u0131l\u0131 a\u00e7\u0131klama yapt\u0131. Milletvekili \u00dcn, a\u00e7\u0131klamas\u0131nda,&#8230;<\/p>\n","protected":false},"author":1,"featured_media":29782,"comment_status":"open","ping_status":"open","sticky":false,"template":"","format":"standard","meta":{"_crdt_document":"","footnotes":""},"categories":[127],"tags":[],"class_list":["post-29781","post","type-post","status-publish","format-standard","has-post-thumbnail","hentry","category-siyaset"],"_links":{"self":[{"href":"https:\/\/www.egemtv.com\/index.php?rest_route=\/wp\/v2\/posts\/29781","targetHints":{"allow":["GET"]}}],"collection":[{"href":"https:\/\/www.egemtv.com\/index.php?rest_route=\/wp\/v2\/posts"}],"about":[{"href":"https:\/\/www.egemtv.com\/index.php?rest_route=\/wp\/v2\/types\/post"}],"author":[{"embeddable":true,"href":"https:\/\/www.egemtv.com\/index.php?rest_route=\/wp\/v2\/users\/1"}],"replies":[{"embeddable":true,"href":"https:\/\/www.egemtv.com\/index.php?rest_route=%2Fwp%2Fv2%2Fcomments&post=29781"}],"version-history":[{"count":1,"href":"https:\/\/www.egemtv.com\/index.php?rest_route=\/wp\/v2\/posts\/29781\/revisions"}],"predecessor-version":[{"id":29783,"href":"https:\/\/www.egemtv.com\/index.php?rest_route=\/wp\/v2\/posts\/29781\/revisions\/29783"}],"wp:featuredmedia":[{"embeddable":true,"href":"https:\/\/www.egemtv.com\/index.php?rest_route=\/wp\/v2\/media\/29782"}],"wp:attachment":[{"href":"https:\/\/www.egemtv.com\/index.php?rest_route=%2Fwp%2Fv2%2Fmedia&parent=29781"}],"wp:term":[{"taxonomy":"category","embeddable":true,"href":"https:\/\/www.egemtv.com\/index.php?rest_route=%2Fwp%2Fv2%2Fcategories&post=29781"},{"taxonomy":"post_tag","embeddable":true,"href":"https:\/\/www.egemtv.com\/index.php?rest_route=%2Fwp%2Fv2%2Ftags&post=29781"}],"curies":[{"name":"wp","href":"https:\/\/api.w.org\/{rel}","templated":true}]}}