{"id":29778,"date":"2025-05-19T08:55:45","date_gmt":"2025-05-19T05:55:45","guid":{"rendered":"https:\/\/www.egemtv.com\/?p=29778"},"modified":"2025-05-19T08:55:51","modified_gmt":"2025-05-19T05:55:51","slug":"tavas-19-mayis-coskusunu-necati-ve-saykolar-ile-yasadi","status":"publish","type":"post","link":"https:\/\/www.egemtv.com\/?p=29778","title":{"rendered":"Tavas 19 May\u0131s co\u015fkusunu Necati ve Saykolar ile ya\u015fad\u0131"},"content":{"rendered":"<p>Tavas Belediyesi taraf\u0131ndan 19 May\u0131s Atat\u00fcrk\u2019\u00fc Anma, Gen\u00e7lik ve Spor Bayram\u0131 konserinde sahne alan sevilen m\u00fczik grubu Necati ve Saykolar, gen\u00e7leri co\u015fturdu. Sahnede \u0130stiklal Mar\u015f\u0131n\u0131 okuyan 6 ya\u015f\u0131ndaki Elif, duygu dolu anlar\u0131n ya\u015fanmas\u0131na neden oldu.<\/p>\n<p>Tavas Belediyesi, 19 May\u0131s Atat\u00fcrk\u2019\u00fc Anma, Gen\u00e7lik ve Spor Bayram\u0131\u2019na uzanan Gen\u00e7lik Haftas\u0131\u2019na \u00f6zel konser d\u00fczenledi. Tavas Belediye Meydan\u0131nda d\u00fczenlenen Gen\u00e7lik Haftas\u0131 konserinde,  Denizlili sevilen m\u00fczik grubu Necati ve Saykolar sahne ald\u0131. Birbirinden g\u00fczel \u015fark\u0131lar\u0131 Tavasl\u0131 gen\u00e7ler i\u00e7in s\u00f6yleyen Necati ve Saykolar, muhte\u015fem performans\u0131 ile b\u00fcy\u00fck be\u011feni ald\u0131. Cem Karaca, Bar\u0131\u015f Man\u00e7o gibi usta sanat\u00e7\u0131lar\u0131n da \u015fark\u0131lar\u0131n\u0131 seslendiren grup, gen\u00e7lere harika bir ak\u015fam ya\u015fatt\u0131. Gecenin s\u00fcrprizi olarak 6 ya\u015f\u0131ndaki Elif Duru Abac\u0131, \u0130stiklal Mar\u015f\u0131n\u0131 okuyarak vatanda\u015flara duygu dolu anlar ya\u015fatt\u0131.<\/p>\n<p>Konserde alana dolduran binlerce ki\u015fiye seslenen Tavas Belediye Ba\u015fkan\u0131 Kadir Tat\u0131k, yapt\u0131\u011f\u0131 konu\u015fmada, 19 May\u0131s\u0131 tarihinin T\u00fcrk Milletinin uyan\u0131\u015f ve direni\u015f g\u00fcn\u00fc oldu\u011funu s\u00f6yledi. Ba\u015fkan Tat\u0131k, &#8220;Bug\u00fcn burada bir dirili\u015fin, T\u00fcrk Milletinin yeniden uyan\u0131\u015f\u0131 olan 19 May\u0131s\u2019\u0131n arifesindeyiz. 19 May\u0131s bizim onurumuz, \u015ferefimizdir tarih boyunca kutlanacak bir bayramd\u0131r. 19 May\u0131s ruhunu hi\u00e7bir zaman kaybetmeyece\u011fiz. Atat\u00fcrk 19 May\u0131s\u2019ta sadece bir direni\u015f ba\u015flatmad\u0131. Ayn\u0131 zamanda gen\u00e7lere bir emanet b\u0131rakt\u0131. Bu \u00fclkenin direni\u015finin gen\u00e7lerle olaca\u011f\u0131n\u0131 belirtti ve bu \u00fclkeyi gen\u00e7lere emanet b\u0131rakt\u0131. Bizlerde gen\u00e7lerimizin \u00f6n\u00fcnde onlara \u0131\u015f\u0131k olmaya \u00e7al\u0131\u015f\u0131yoruz. Memleketimizi hep beraber ayd\u0131nl\u0131k yar\u0131nlara ula\u015ft\u0131raca\u011f\u0131z. Motorlar\u0131 maviliklere s\u00fcrece\u011fiz. 19 May\u0131s Gen\u00e7lik ve Spor Bayram\u0131n\u0131z kutlu olsun&#8221; dedi.<br \/><\/p>\n","protected":false},"excerpt":{"rendered":"<p>Tavas Belediyesi taraf\u0131ndan 19 May\u0131s Atat\u00fcrk\u2019\u00fc Anma, Gen\u00e7lik ve Spor Bayram\u0131 konserinde sahne alan sevilen m\u00fczik grubu Necati ve Saykolar, gen\u00e7leri co\u015fturdu. Sahnede \u0130stiklal Mar\u015f\u0131n\u0131 okuyan 6 ya\u015f\u0131ndaki Elif, duygu dolu anlar\u0131n ya\u015fanmas\u0131na neden oldu. Tavas Belediyesi, 19 May\u0131s Atat\u00fcrk\u2019\u00fc Anma, Gen\u00e7lik ve Spor Bayram\u0131\u2019na uzanan Gen\u00e7lik Haftas\u0131\u2019na \u00f6zel konser d\u00fczenledi. Tavas Belediye Meydan\u0131nda d\u00fczenlenen&#8230;<\/p>\n","protected":false},"author":1,"featured_media":29779,"comment_status":"open","ping_status":"open","sticky":false,"template":"","format":"standard","meta":{"_crdt_document":"","footnotes":""},"categories":[1],"tags":[],"class_list":["post-29778","post","type-post","status-publish","format-standard","has-post-thumbnail","hentry","category-guncel"],"_links":{"self":[{"href":"https:\/\/www.egemtv.com\/index.php?rest_route=\/wp\/v2\/posts\/29778","targetHints":{"allow":["GET"]}}],"collection":[{"href":"https:\/\/www.egemtv.com\/index.php?rest_route=\/wp\/v2\/posts"}],"about":[{"href":"https:\/\/www.egemtv.com\/index.php?rest_route=\/wp\/v2\/types\/post"}],"author":[{"embeddable":true,"href":"https:\/\/www.egemtv.com\/index.php?rest_route=\/wp\/v2\/users\/1"}],"replies":[{"embeddable":true,"href":"https:\/\/www.egemtv.com\/index.php?rest_route=%2Fwp%2Fv2%2Fcomments&post=29778"}],"version-history":[{"count":1,"href":"https:\/\/www.egemtv.com\/index.php?rest_route=\/wp\/v2\/posts\/29778\/revisions"}],"predecessor-version":[{"id":29780,"href":"https:\/\/www.egemtv.com\/index.php?rest_route=\/wp\/v2\/posts\/29778\/revisions\/29780"}],"wp:featuredmedia":[{"embeddable":true,"href":"https:\/\/www.egemtv.com\/index.php?rest_route=\/wp\/v2\/media\/29779"}],"wp:attachment":[{"href":"https:\/\/www.egemtv.com\/index.php?rest_route=%2Fwp%2Fv2%2Fmedia&parent=29778"}],"wp:term":[{"taxonomy":"category","embeddable":true,"href":"https:\/\/www.egemtv.com\/index.php?rest_route=%2Fwp%2Fv2%2Fcategories&post=29778"},{"taxonomy":"post_tag","embeddable":true,"href":"https:\/\/www.egemtv.com\/index.php?rest_route=%2Fwp%2Fv2%2Ftags&post=29778"}],"curies":[{"name":"wp","href":"https:\/\/api.w.org\/{rel}","templated":true}]}}