{"id":29772,"date":"2025-05-19T08:34:47","date_gmt":"2025-05-19T05:34:47","guid":{"rendered":"https:\/\/www.egemtv.com\/?p=29772"},"modified":"2025-05-19T08:34:48","modified_gmt":"2025-05-19T05:34:48","slug":"denizlide-19-mayis-kutlamalarina-golge-dustu","status":"publish","type":"post","link":"https:\/\/www.egemtv.com\/?p=29772","title":{"rendered":"Denizli\u2019de 19 May\u0131s kutlamalar\u0131na g\u00f6lge d\u00fc\u015ft\u00fc"},"content":{"rendered":"<p>Denizli B\u00fcy\u00fck\u015fehir Belediyesi taraf\u0131ndan 19 May\u0131s Atat\u00fcrk\u2019\u00fc Anma, Gen\u00e7lik ve Spor Bayram\u0131 kutlamalar\u0131 kapsam\u0131nda d\u00fczenlenen Ceza konserinde gen\u00e7ler aras\u0131nda \u00e7\u0131kan kavga kutlamalara g\u00f6lge d\u00fc\u015f\u00fcrd\u00fc.<\/p>\n<p>Denizli B\u00fcy\u00fck\u015fehir Belediyesi, 19 May\u0131s Atat\u00fcrk\u2019\u00fc Anma, Gen\u00e7lik ve Spor Bayram\u0131 kutlama etkinlikleri kapsam\u0131nda Delikli\u00e7\u0131nar Meydan\u0131nda d\u00fczenlenen konserde, sevilen m\u00fczik grubu Ceza\u2019y\u0131 Denizlililerle bulu\u015fturdu.<\/p>\n<p>Co\u015fkuyla devam eden konserde k\u0131zl\u0131 erkekli iki grup aras\u0131nda nedeni hen\u00fcz bilinmeyen nedenden dolay\u0131 \u00e7\u0131kan kavga kutlamalara g\u00f6lge d\u00fc\u015f\u00fcrd\u00fc. K\u0131z ve erkeklerin kar\u0131\u015ft\u0131\u011f\u0131 kavgada, meydanda bir anda panik ya\u015fand\u0131. S\u00f6zl\u00fc at\u0131\u015fma ve iti\u015f kak\u0131\u015fla ba\u015flayan tart\u0131\u015fma k\u0131sa s\u00fcrede b\u0131\u00e7akl\u0131 kavgaya d\u00f6n\u00fc\u015ft\u00fc. Elindeki b\u0131\u00e7a\u011f\u0131 rast gele etrafa savuran gen\u00e7, bir ki\u015finin yaralanmas\u0131na neden oldu. Hafif \u015fekilde yaralanan gen\u00e7, ambulansla hastaneye kald\u0131r\u0131larak tedavi alt\u0131na al\u0131nd\u0131.<\/p>\n<p>Alanda g\u00f6revli g\u00fcvenlik\u00e7iler ve polis ekiplerinin m\u00fcdahale etti\u011fi kavga daha fazla b\u00fcy\u00fcmeden kontrol alt\u0131na al\u0131nd\u0131. Kavgan\u0131n sona ermesinin ard\u0131ndan konser kald\u0131\u011f\u0131 yerden devam etti.<br \/><\/p>\n","protected":false},"excerpt":{"rendered":"<p>Denizli B\u00fcy\u00fck\u015fehir Belediyesi taraf\u0131ndan 19 May\u0131s Atat\u00fcrk\u2019\u00fc Anma, Gen\u00e7lik ve Spor Bayram\u0131 kutlamalar\u0131 kapsam\u0131nda d\u00fczenlenen Ceza konserinde gen\u00e7ler aras\u0131nda \u00e7\u0131kan kavga kutlamalara g\u00f6lge d\u00fc\u015f\u00fcrd\u00fc. Denizli B\u00fcy\u00fck\u015fehir Belediyesi, 19 May\u0131s Atat\u00fcrk\u2019\u00fc Anma, Gen\u00e7lik ve Spor Bayram\u0131 kutlama etkinlikleri kapsam\u0131nda Delikli\u00e7\u0131nar Meydan\u0131nda d\u00fczenlenen konserde, sevilen m\u00fczik grubu Ceza\u2019y\u0131 Denizlililerle bulu\u015fturdu. Co\u015fkuyla devam eden konserde k\u0131zl\u0131 erkekli iki&#8230;<\/p>\n","protected":false},"author":1,"featured_media":29773,"comment_status":"open","ping_status":"open","sticky":false,"template":"","format":"standard","meta":{"_crdt_document":"","footnotes":""},"categories":[5],"tags":[],"class_list":["post-29772","post","type-post","status-publish","format-standard","has-post-thumbnail","hentry","category-asayis"],"_links":{"self":[{"href":"https:\/\/www.egemtv.com\/index.php?rest_route=\/wp\/v2\/posts\/29772","targetHints":{"allow":["GET"]}}],"collection":[{"href":"https:\/\/www.egemtv.com\/index.php?rest_route=\/wp\/v2\/posts"}],"about":[{"href":"https:\/\/www.egemtv.com\/index.php?rest_route=\/wp\/v2\/types\/post"}],"author":[{"embeddable":true,"href":"https:\/\/www.egemtv.com\/index.php?rest_route=\/wp\/v2\/users\/1"}],"replies":[{"embeddable":true,"href":"https:\/\/www.egemtv.com\/index.php?rest_route=%2Fwp%2Fv2%2Fcomments&post=29772"}],"version-history":[{"count":1,"href":"https:\/\/www.egemtv.com\/index.php?rest_route=\/wp\/v2\/posts\/29772\/revisions"}],"predecessor-version":[{"id":29774,"href":"https:\/\/www.egemtv.com\/index.php?rest_route=\/wp\/v2\/posts\/29772\/revisions\/29774"}],"wp:featuredmedia":[{"embeddable":true,"href":"https:\/\/www.egemtv.com\/index.php?rest_route=\/wp\/v2\/media\/29773"}],"wp:attachment":[{"href":"https:\/\/www.egemtv.com\/index.php?rest_route=%2Fwp%2Fv2%2Fmedia&parent=29772"}],"wp:term":[{"taxonomy":"category","embeddable":true,"href":"https:\/\/www.egemtv.com\/index.php?rest_route=%2Fwp%2Fv2%2Fcategories&post=29772"},{"taxonomy":"post_tag","embeddable":true,"href":"https:\/\/www.egemtv.com\/index.php?rest_route=%2Fwp%2Fv2%2Ftags&post=29772"}],"curies":[{"name":"wp","href":"https:\/\/api.w.org\/{rel}","templated":true}]}}