{"id":29769,"date":"2025-05-19T08:34:43","date_gmt":"2025-05-19T05:34:43","guid":{"rendered":"https:\/\/www.egemtv.com\/?p=29769"},"modified":"2025-05-19T08:34:47","modified_gmt":"2025-05-19T05:34:47","slug":"baskan-tatik-19-mayis-inancin-birlikteligin-ve-millet-olma-bilincinin-bayramidir","status":"publish","type":"post","link":"https:\/\/www.egemtv.com\/?p=29769","title":{"rendered":"Ba\u015fkan Tat\u0131k; &#8220;19 May\u0131s inanc\u0131n, birlikteli\u011fin ve millet olma bilincinin bayram\u0131d\u0131r&#8221;"},"content":{"rendered":"<p>DEN\u0130ZL\u0130 (\u0130HA) \u2013 Denizli\u2019nin Tavas Belediye Ba\u015fkan\u0131 Kadir Tat\u0131k, 19 May\u0131s mesaj\u0131nda; &#8220;19 May\u0131s inanc\u0131n, birlikteli\u011fin ve millet olma bilincinin bayram\u0131d\u0131r&#8221; dedi.<\/p>\n<p>Tavas Belediye Ba\u015fkan\u0131 Kadir Tat\u0131k, 19 May\u0131s Atat\u00fcrk\u2019\u00fc Anma, Gen\u00e7lik ve Spor Bayram\u0131 dolay\u0131s\u0131yla bir kutlama mesaj\u0131 yay\u0131mlad\u0131. Ba\u015fkan Tat\u0131k, mesaj\u0131nda; &#8220;Bug\u00fcn, T\u00fcrk milletinin ba\u011f\u0131ms\u0131zl\u0131\u011f\u0131n\u0131n ilk ad\u0131m\u0131n\u0131n at\u0131ld\u0131\u011f\u0131, umutlar\u0131n yeniden filizlendi\u011fi, karanl\u0131k g\u00fcnlerin ayd\u0131nl\u0131\u011fa d\u00f6nd\u00fc\u011f\u00fc kutlu bir g\u00fcn\u00fcn y\u0131ld\u00f6n\u00fcm\u00fcn\u00fc ya\u015f\u0131yoruz. 19 May\u0131s 1919, Gazi Mustafa Kemal Atat\u00fcrk\u2019\u00fcn Samsun\u2019a \u00e7\u0131karak milletimizin kaderini de\u011fi\u015ftirdi\u011fi g\u00fcnd\u00fcr. Atat\u00fcrk, 19 May\u0131s\u2019\u0131 T\u00fcrk gen\u00e7li\u011fine arma\u011fan ederek, bu \u00fclkenin gelece\u011fini gen\u00e7lerin azmine, cesaretine ve vatan sevgisine emanet etmi\u015ftir. \u00c7\u00fcnk\u00fc biliyordu ki, bu milletin umudu gen\u00e7lerdir; al\u0131n teriyle, fikriyle, y\u00fcre\u011fiyle \u00e7al\u0131\u015fan, \u00fcreten, hayal kuran gen\u00e7ler. 19 May\u0131s, sadece bir kurtulu\u015f hareketinin ba\u015flang\u0131c\u0131 de\u011fil, ayn\u0131 zamanda T\u00fcrk milletinin yeniden aya\u011fa kalk\u0131\u015f\u0131n\u0131n, ba\u011f\u0131ms\u0131zl\u0131\u011fa olan sars\u0131lmaz inanc\u0131n\u0131n simgesidir. Y\u0131k\u0131lm\u0131\u015f, umutsuzlu\u011fa s\u00fcr\u00fcklenmi\u015f bir halk\u0131n; inan\u00e7la, kararl\u0131l\u0131kla ve vatan sevgisiyle nas\u0131l aya\u011fa kalkabilece\u011fini t\u00fcm d\u00fcnyaya g\u00f6stermi\u015ftir. Bu y\u00f6n\u00fcyle 19 May\u0131s, millet\u00e7e dirili\u015fimizin ve \u00f6zg\u00fcrl\u00fc\u011f\u00fcm\u00fcze sahip \u00e7\u0131k\u0131\u015f\u0131m\u0131z\u0131n ad\u0131d\u0131r. Her 19 May\u0131s\u2019ta, bu ruhu yeniden ya\u015famak; ge\u00e7mi\u015fimizi unutmadan, gelece\u011fe daha g\u00fc\u00e7l\u00fc ad\u0131mlarla y\u00fcr\u00fcmeliyiz. Sevgili gen\u00e7ler; sizler, bu \u00fclkenin yar\u0131nlar\u0131n\u0131 in\u015fa edecek g\u00fcc\u00fcn ta kendisisiniz. Gazi Mustafa Kemal Atat\u00fcrk\u2019\u00fcn a\u00e7t\u0131\u011f\u0131 yolda, Cumhuriyetimizin de\u011ferlerine sahip \u00e7\u0131karak, bilimin, sanat\u0131n, sporun ve \u00e7a\u011fda\u015fl\u0131\u011f\u0131n \u0131\u015f\u0131\u011f\u0131nda ilerlemelisiniz. \u00c7\u00fcnk\u00fc siz g\u00fc\u00e7lenirseniz, T\u00fcrkiye g\u00fc\u00e7lenir. 19 May\u0131s, ayn\u0131 zamanda inanc\u0131n, birlikteli\u011fin ve millet olma bilincinin bayram\u0131d\u0131r. Bug\u00fcn; sadece ge\u00e7mi\u015fimizi anmak de\u011fil, gelece\u011fe umutla bakmak, de\u011ferlerimize sahip \u00e7\u0131kmak ve bu cennet vatan\u0131 daha da ileriye ta\u015f\u0131mak i\u00e7in kenetlenme g\u00fcn\u00fcd\u00fcr. Bu vesileyle ba\u015fta Gazi Mustafa Kemal Atat\u00fcrk ve silah arkada\u015flar\u0131 olmak \u00fczere; t\u00fcm \u015fehitlerimizi sayg\u0131, rahmet, minnetle an\u0131yor, aziz milletimizin ve sevgili gen\u00e7lerimizin 19 May\u0131s Atat\u00fcrk\u2019\u00fc Anma, Gen\u00e7lik ve Spor Bayram\u0131n\u0131 y\u00fcrekten kutluyorum&#8221; ifadelerini kulland\u0131.<br \/><\/p>\n","protected":false},"excerpt":{"rendered":"<p>DEN\u0130ZL\u0130 (\u0130HA) \u2013 Denizli\u2019nin Tavas Belediye Ba\u015fkan\u0131 Kadir Tat\u0131k, 19 May\u0131s mesaj\u0131nda; &#8220;19 May\u0131s inanc\u0131n, birlikteli\u011fin ve millet olma bilincinin bayram\u0131d\u0131r&#8221; dedi. Tavas Belediye Ba\u015fkan\u0131 Kadir Tat\u0131k, 19 May\u0131s Atat\u00fcrk\u2019\u00fc Anma, Gen\u00e7lik ve Spor Bayram\u0131 dolay\u0131s\u0131yla bir kutlama mesaj\u0131 yay\u0131mlad\u0131. Ba\u015fkan Tat\u0131k, mesaj\u0131nda; &#8220;Bug\u00fcn, T\u00fcrk milletinin ba\u011f\u0131ms\u0131zl\u0131\u011f\u0131n\u0131n ilk ad\u0131m\u0131n\u0131n at\u0131ld\u0131\u011f\u0131, umutlar\u0131n yeniden filizlendi\u011fi, karanl\u0131k g\u00fcnlerin&#8230;<\/p>\n","protected":false},"author":1,"featured_media":29770,"comment_status":"open","ping_status":"open","sticky":false,"template":"","format":"standard","meta":{"_crdt_document":"","footnotes":""},"categories":[127],"tags":[],"class_list":["post-29769","post","type-post","status-publish","format-standard","has-post-thumbnail","hentry","category-siyaset"],"_links":{"self":[{"href":"https:\/\/www.egemtv.com\/index.php?rest_route=\/wp\/v2\/posts\/29769","targetHints":{"allow":["GET"]}}],"collection":[{"href":"https:\/\/www.egemtv.com\/index.php?rest_route=\/wp\/v2\/posts"}],"about":[{"href":"https:\/\/www.egemtv.com\/index.php?rest_route=\/wp\/v2\/types\/post"}],"author":[{"embeddable":true,"href":"https:\/\/www.egemtv.com\/index.php?rest_route=\/wp\/v2\/users\/1"}],"replies":[{"embeddable":true,"href":"https:\/\/www.egemtv.com\/index.php?rest_route=%2Fwp%2Fv2%2Fcomments&post=29769"}],"version-history":[{"count":1,"href":"https:\/\/www.egemtv.com\/index.php?rest_route=\/wp\/v2\/posts\/29769\/revisions"}],"predecessor-version":[{"id":29771,"href":"https:\/\/www.egemtv.com\/index.php?rest_route=\/wp\/v2\/posts\/29769\/revisions\/29771"}],"wp:featuredmedia":[{"embeddable":true,"href":"https:\/\/www.egemtv.com\/index.php?rest_route=\/wp\/v2\/media\/29770"}],"wp:attachment":[{"href":"https:\/\/www.egemtv.com\/index.php?rest_route=%2Fwp%2Fv2%2Fmedia&parent=29769"}],"wp:term":[{"taxonomy":"category","embeddable":true,"href":"https:\/\/www.egemtv.com\/index.php?rest_route=%2Fwp%2Fv2%2Fcategories&post=29769"},{"taxonomy":"post_tag","embeddable":true,"href":"https:\/\/www.egemtv.com\/index.php?rest_route=%2Fwp%2Fv2%2Ftags&post=29769"}],"curies":[{"name":"wp","href":"https:\/\/api.w.org\/{rel}","templated":true}]}}