{"id":29763,"date":"2025-05-19T01:15:05","date_gmt":"2025-05-18T22:15:05","guid":{"rendered":"https:\/\/www.egemtv.com\/?p=29763"},"modified":"2025-05-19T01:15:10","modified_gmt":"2025-05-18T22:15:10","slug":"somada-servis-minibusu-devrildi-1-olu-13-yarali","status":"publish","type":"post","link":"https:\/\/www.egemtv.com\/?p=29763","title":{"rendered":"Soma\u2019da servis minib\u00fcs\u00fc devrildi: 1 \u00f6l\u00fc, 13 yaral\u0131"},"content":{"rendered":"<p>Manisa\u2019n\u0131n Soma il\u00e7esinde servis minib\u00fcs\u00fcn\u00fcn devrilmesi sonucu meydana gelen trafik kazas\u0131nda 1 ki\u015fi hayat\u0131n\u0131 kaybetti, biri a\u011f\u0131r toplam 13 ki\u015fi yaraland\u0131.<br \/>\n<br \/>Kaza, ak\u015fam saatlerinde Gebze-Orhangazi-\u0130zmir Otoyolu\u2019nun Soma il\u00e7esi s\u0131n\u0131rlar\u0131nda meydana geldi. Edinilen bilgiye g\u00f6re, Bal\u0131kesir istikametine seyir halinde olan 34 KUF 316 plakal\u0131 Mercedes marka servis minib\u00fcs\u00fc hen\u00fcz belirlenemeyen bir nedenle s\u00fcr\u00fcc\u00fcs\u00fcn\u00fcn kontrol\u00fcnden \u00e7\u0131karak yolun sa\u011f taraf\u0131na devrildi. Kazay\u0131 g\u00f6ren di\u011fer s\u00fcr\u00fcc\u00fclerin ihbar\u0131 \u00fczerine olay yerine Manisa ve Bal\u0131kesir\u2019den \u00e7ok say\u0131da sa\u011fl\u0131k ve itfaiye ekibi sevk edildi. K\u0131sa s\u00fcrede olay yerine ula\u015fan jandarma ekipleri de yol g\u00fcvenli\u011fini ald\u0131. Kazada, ara\u00e7ta bulunan B\u00fc\u015fra Karay\u0131lan (31) olay yerinde hayat\u0131n\u0131 kaybetti. Ara\u00e7ta bulunan V.K. isimli \u015fahs\u0131n a\u011f\u0131r yaraland\u0131\u011f\u0131, 12 ki\u015finin ise v\u00fccudunun \u00e7e\u015fitli yerlerinden yaraland\u0131\u011f\u0131 \u00f6\u011frenildi. Yaral\u0131lar, ambulanslarla \u00e7evredeki hastanelere kald\u0131r\u0131larak tedavi alt\u0131na al\u0131nd\u0131.<br \/>\n<br \/>Kaza ile ilgili soru\u015fturma ba\u015flat\u0131ld\u0131.<br \/><\/p>\n","protected":false},"excerpt":{"rendered":"<p>Manisa\u2019n\u0131n Soma il\u00e7esinde servis minib\u00fcs\u00fcn\u00fcn devrilmesi sonucu meydana gelen trafik kazas\u0131nda 1 ki\u015fi hayat\u0131n\u0131 kaybetti, biri a\u011f\u0131r toplam 13 ki\u015fi yaraland\u0131. Kaza, ak\u015fam saatlerinde Gebze-Orhangazi-\u0130zmir Otoyolu\u2019nun Soma il\u00e7esi s\u0131n\u0131rlar\u0131nda meydana geldi. Edinilen bilgiye g\u00f6re, Bal\u0131kesir istikametine seyir halinde olan 34 KUF 316 plakal\u0131 Mercedes marka servis minib\u00fcs\u00fc hen\u00fcz belirlenemeyen bir nedenle s\u00fcr\u00fcc\u00fcs\u00fcn\u00fcn kontrol\u00fcnden \u00e7\u0131karak yolun&#8230;<\/p>\n","protected":false},"author":1,"featured_media":29764,"comment_status":"open","ping_status":"open","sticky":false,"template":"","format":"standard","meta":{"_crdt_document":"","footnotes":""},"categories":[5],"tags":[],"class_list":["post-29763","post","type-post","status-publish","format-standard","has-post-thumbnail","hentry","category-asayis"],"_links":{"self":[{"href":"https:\/\/www.egemtv.com\/index.php?rest_route=\/wp\/v2\/posts\/29763","targetHints":{"allow":["GET"]}}],"collection":[{"href":"https:\/\/www.egemtv.com\/index.php?rest_route=\/wp\/v2\/posts"}],"about":[{"href":"https:\/\/www.egemtv.com\/index.php?rest_route=\/wp\/v2\/types\/post"}],"author":[{"embeddable":true,"href":"https:\/\/www.egemtv.com\/index.php?rest_route=\/wp\/v2\/users\/1"}],"replies":[{"embeddable":true,"href":"https:\/\/www.egemtv.com\/index.php?rest_route=%2Fwp%2Fv2%2Fcomments&post=29763"}],"version-history":[{"count":1,"href":"https:\/\/www.egemtv.com\/index.php?rest_route=\/wp\/v2\/posts\/29763\/revisions"}],"predecessor-version":[{"id":29765,"href":"https:\/\/www.egemtv.com\/index.php?rest_route=\/wp\/v2\/posts\/29763\/revisions\/29765"}],"wp:featuredmedia":[{"embeddable":true,"href":"https:\/\/www.egemtv.com\/index.php?rest_route=\/wp\/v2\/media\/29764"}],"wp:attachment":[{"href":"https:\/\/www.egemtv.com\/index.php?rest_route=%2Fwp%2Fv2%2Fmedia&parent=29763"}],"wp:term":[{"taxonomy":"category","embeddable":true,"href":"https:\/\/www.egemtv.com\/index.php?rest_route=%2Fwp%2Fv2%2Fcategories&post=29763"},{"taxonomy":"post_tag","embeddable":true,"href":"https:\/\/www.egemtv.com\/index.php?rest_route=%2Fwp%2Fv2%2Ftags&post=29763"}],"curies":[{"name":"wp","href":"https:\/\/api.w.org\/{rel}","templated":true}]}}