{"id":29760,"date":"2025-05-19T01:15:00","date_gmt":"2025-05-18T22:15:00","guid":{"rendered":"https:\/\/www.egemtv.com\/?p=29760"},"modified":"2025-05-19T01:15:05","modified_gmt":"2025-05-18T22:15:05","slug":"galatasaray-25-sampiyonlugu-denizlide-coskuyla-kutlandi","status":"publish","type":"post","link":"https:\/\/www.egemtv.com\/?p=29760","title":{"rendered":"Galatasaray 25. \u015fampiyonlu\u011fu Denizli\u2019de co\u015fkuyla kutland\u0131"},"content":{"rendered":"<p>S\u00fcper Ligin 36. haftas\u0131nda Galatasaray\u2019\u0131n Kayserispor\u2019u 3-0 ma\u011flup ederek \u015fampiyonlu\u011funu ilan etmesinin ard\u0131ndan Denizli\u2019de taraftarlar b\u00fcy\u00fck bir co\u015fku ya\u015fad\u0131.<\/p>\n<p>S\u00fcper Lig\u2019de 2024-2025 sezonunun tamamlanmas\u0131na 2 hafta kala Galatasaray 25. \u015eampiyonlu\u011funu ilan etti. Galatasaray\u2019\u0131n sahas\u0131nda Kayserispor\u2019u 3 \u2013 0 gibi net gibi bir skorla ma\u011flup ederek \u015fampiyonlu\u011funu ilan etmesinin ard\u0131ndan T\u00fcrkiye\u2019nin d\u00f6rt bir yan\u0131nda ve yurt d\u0131\u015f\u0131nda oldu\u011fu gibi Denizli\u2019de de taraftarlar\u0131n ya\u015fad\u0131\u011f\u0131 co\u015fku sokaklara ta\u015ft\u0131. Denizli\u2019deki kutlamalar\u0131n adresleri Delikli\u00e7\u0131nar Meydan\u0131 ve Pamukkale il\u00e7esi K\u0131n\u0131kl\u0131 Mahallesi\u2019ndeki amfi tiyatro oldu. Kent merkezinde ara\u00e7 konvoylar\u0131 olu\u015fturan taraftarlar, mar\u015flar e\u015fli\u011finde me\u015faleler yakt\u0131, sar\u0131-k\u0131rm\u0131z\u0131 bayraklarla meydan\u0131 doldurdu.<\/p>\n<p>Sar\u0131-k\u0131rm\u0131z\u0131l\u0131 formalar\u0131yla bir araya gelen Galatasarayl\u0131lar, davul ritimleri e\u015fli\u011finde co\u015fkuyu birlikte ya\u015fad\u0131. Mar\u015flar s\u00f6yleyip 25\u2019inci \u015fampiyonluk ve 5\u2019inci y\u0131ld\u0131z\u0131n sevincini ya\u015fayan taraftarlar, ellerindeki bayraklarla tak\u0131mlar\u0131 lehine tezah\u00fcratta bulunup, me\u015faleler yakt\u0131, havai fi\u015fek g\u00f6sterisi yapt\u0131. Polis ekipleri, kutlamalar\u0131n g\u00fcvenli \u015fekilde ge\u00e7mesi i\u00e7in kent genelinde geni\u015f g\u00fcvenlik \u00f6nlemleri ald\u0131. Gece boyunca s\u00fcren kutlamalar olays\u0131z \u015fekilde sona erdi.<br \/><\/p>\n","protected":false},"excerpt":{"rendered":"<p>S\u00fcper Ligin 36. haftas\u0131nda Galatasaray\u2019\u0131n Kayserispor\u2019u 3-0 ma\u011flup ederek \u015fampiyonlu\u011funu ilan etmesinin ard\u0131ndan Denizli\u2019de taraftarlar b\u00fcy\u00fck bir co\u015fku ya\u015fad\u0131. S\u00fcper Lig\u2019de 2024-2025 sezonunun tamamlanmas\u0131na 2 hafta kala Galatasaray 25. \u015eampiyonlu\u011funu ilan etti. Galatasaray\u2019\u0131n sahas\u0131nda Kayserispor\u2019u 3 \u2013 0 gibi net gibi bir skorla ma\u011flup ederek \u015fampiyonlu\u011funu ilan etmesinin ard\u0131ndan T\u00fcrkiye\u2019nin d\u00f6rt bir yan\u0131nda ve yurt&#8230;<\/p>\n","protected":false},"author":1,"featured_media":29761,"comment_status":"open","ping_status":"open","sticky":false,"template":"","format":"standard","meta":{"_crdt_document":"","footnotes":""},"categories":[4],"tags":[],"class_list":["post-29760","post","type-post","status-publish","format-standard","has-post-thumbnail","hentry","category-spor"],"_links":{"self":[{"href":"https:\/\/www.egemtv.com\/index.php?rest_route=\/wp\/v2\/posts\/29760","targetHints":{"allow":["GET"]}}],"collection":[{"href":"https:\/\/www.egemtv.com\/index.php?rest_route=\/wp\/v2\/posts"}],"about":[{"href":"https:\/\/www.egemtv.com\/index.php?rest_route=\/wp\/v2\/types\/post"}],"author":[{"embeddable":true,"href":"https:\/\/www.egemtv.com\/index.php?rest_route=\/wp\/v2\/users\/1"}],"replies":[{"embeddable":true,"href":"https:\/\/www.egemtv.com\/index.php?rest_route=%2Fwp%2Fv2%2Fcomments&post=29760"}],"version-history":[{"count":1,"href":"https:\/\/www.egemtv.com\/index.php?rest_route=\/wp\/v2\/posts\/29760\/revisions"}],"predecessor-version":[{"id":29762,"href":"https:\/\/www.egemtv.com\/index.php?rest_route=\/wp\/v2\/posts\/29760\/revisions\/29762"}],"wp:featuredmedia":[{"embeddable":true,"href":"https:\/\/www.egemtv.com\/index.php?rest_route=\/wp\/v2\/media\/29761"}],"wp:attachment":[{"href":"https:\/\/www.egemtv.com\/index.php?rest_route=%2Fwp%2Fv2%2Fmedia&parent=29760"}],"wp:term":[{"taxonomy":"category","embeddable":true,"href":"https:\/\/www.egemtv.com\/index.php?rest_route=%2Fwp%2Fv2%2Fcategories&post=29760"},{"taxonomy":"post_tag","embeddable":true,"href":"https:\/\/www.egemtv.com\/index.php?rest_route=%2Fwp%2Fv2%2Ftags&post=29760"}],"curies":[{"name":"wp","href":"https:\/\/api.w.org\/{rel}","templated":true}]}}