{"id":29757,"date":"2025-05-19T00:56:58","date_gmt":"2025-05-18T21:56:58","guid":{"rendered":"https:\/\/www.egemtv.com\/?p=29757"},"modified":"2025-05-19T00:57:04","modified_gmt":"2025-05-18T21:57:04","slug":"kulada-galatasaray-coskusu","status":"publish","type":"post","link":"https:\/\/www.egemtv.com\/?p=29757","title":{"rendered":"Kula\u2019da Galatasaray co\u015fkusu"},"content":{"rendered":"<p>Trendyol S\u00fcper Lig\u2019in bitimine 2 hafta kala Galatasaray \u015fampiyonlu\u011funu etti. Yurt genelinde oldu\u011fu gibi Manisa\u2019n\u0131n Kula il\u00e7esinde de \u015fampiyonluk co\u015fkuyla kutland\u0131. Sar\u0131-k\u0131rm\u0131z\u0131l\u0131 taraftarlar, Kayserispor kar\u015f\u0131s\u0131nda al\u0131nan 3-0\u2019l\u0131k galibiyetin ard\u0131ndan il\u00e7ede adeta bayram havas\u0131 estirdi.<br \/>\n<br \/>Ali Sami Yen Spor Kompleksi RAMS Park\u2019ta oynanan kar\u015f\u0131la\u015fmada elde edilen galibiyetle 25. \u015fampiyonlu\u011funa ula\u015fan Galatasaray\u2019\u0131n ba\u015far\u0131s\u0131, Kula\u2019daki taraftarlar taraf\u0131ndan b\u00fcy\u00fck bir sevin\u00e7le kar\u015f\u0131land\u0131. Ma\u00e7\u0131n biti\u015f d\u00fcd\u00fc\u011f\u00fcn\u00fcn \u00e7almas\u0131yla birlikte \u00e7ok say\u0131da taraftar, Yunus Emre ve \u015eehit \u00d6mer Halisdemir Kent Meydan\u0131\u2019nda bir araya geldi. Ellerinde bayraklar ve me\u015falelerle meydan\u0131 dolduran Galatasarayl\u0131lar, mar\u015flar ve tezah\u00fcratlar e\u015fli\u011finde kutlamalar yapt\u0131. Konvoy olu\u015fturan taraftarlar \u00f6nce ara\u00e7larla \u015fehir turu att\u0131, ard\u0131ndan ise meydanda toplanarak sevin\u00e7 g\u00f6sterilerine devam etti.<br \/>\n<br \/>Kula sokaklar\u0131n\u0131 sar\u0131-k\u0131rm\u0131z\u0131 renklere boyayan taraftarlar, 25. \u015fampiyonlu\u011fu gece ge\u00e7 saatlere kadar s\u00fcren etkinliklerle kutlad\u0131. Emniyet ekipleri, kutlamalar\u0131n g\u00fcvenli bir \u015fekilde ger\u00e7ekle\u015ftirilmesi i\u00e7in b\u00f6lgede geni\u015f g\u00fcvenlik \u00f6nlemleri ald\u0131.<br \/><\/p>\n","protected":false},"excerpt":{"rendered":"<p>Trendyol S\u00fcper Lig\u2019in bitimine 2 hafta kala Galatasaray \u015fampiyonlu\u011funu etti. Yurt genelinde oldu\u011fu gibi Manisa\u2019n\u0131n Kula il\u00e7esinde de \u015fampiyonluk co\u015fkuyla kutland\u0131. Sar\u0131-k\u0131rm\u0131z\u0131l\u0131 taraftarlar, Kayserispor kar\u015f\u0131s\u0131nda al\u0131nan 3-0\u2019l\u0131k galibiyetin ard\u0131ndan il\u00e7ede adeta bayram havas\u0131 estirdi. Ali Sami Yen Spor Kompleksi RAMS Park\u2019ta oynanan kar\u015f\u0131la\u015fmada elde edilen galibiyetle 25. \u015fampiyonlu\u011funa ula\u015fan Galatasaray\u2019\u0131n ba\u015far\u0131s\u0131, Kula\u2019daki taraftarlar taraf\u0131ndan b\u00fcy\u00fck&#8230;<\/p>\n","protected":false},"author":1,"featured_media":29758,"comment_status":"open","ping_status":"open","sticky":false,"template":"","format":"standard","meta":{"_crdt_document":"","footnotes":""},"categories":[4],"tags":[],"class_list":["post-29757","post","type-post","status-publish","format-standard","has-post-thumbnail","hentry","category-spor"],"_links":{"self":[{"href":"https:\/\/www.egemtv.com\/index.php?rest_route=\/wp\/v2\/posts\/29757","targetHints":{"allow":["GET"]}}],"collection":[{"href":"https:\/\/www.egemtv.com\/index.php?rest_route=\/wp\/v2\/posts"}],"about":[{"href":"https:\/\/www.egemtv.com\/index.php?rest_route=\/wp\/v2\/types\/post"}],"author":[{"embeddable":true,"href":"https:\/\/www.egemtv.com\/index.php?rest_route=\/wp\/v2\/users\/1"}],"replies":[{"embeddable":true,"href":"https:\/\/www.egemtv.com\/index.php?rest_route=%2Fwp%2Fv2%2Fcomments&post=29757"}],"version-history":[{"count":1,"href":"https:\/\/www.egemtv.com\/index.php?rest_route=\/wp\/v2\/posts\/29757\/revisions"}],"predecessor-version":[{"id":29759,"href":"https:\/\/www.egemtv.com\/index.php?rest_route=\/wp\/v2\/posts\/29757\/revisions\/29759"}],"wp:featuredmedia":[{"embeddable":true,"href":"https:\/\/www.egemtv.com\/index.php?rest_route=\/wp\/v2\/media\/29758"}],"wp:attachment":[{"href":"https:\/\/www.egemtv.com\/index.php?rest_route=%2Fwp%2Fv2%2Fmedia&parent=29757"}],"wp:term":[{"taxonomy":"category","embeddable":true,"href":"https:\/\/www.egemtv.com\/index.php?rest_route=%2Fwp%2Fv2%2Fcategories&post=29757"},{"taxonomy":"post_tag","embeddable":true,"href":"https:\/\/www.egemtv.com\/index.php?rest_route=%2Fwp%2Fv2%2Ftags&post=29757"}],"curies":[{"name":"wp","href":"https:\/\/api.w.org\/{rel}","templated":true}]}}