{"id":29754,"date":"2025-05-19T00:56:53","date_gmt":"2025-05-18T21:56:53","guid":{"rendered":"https:\/\/www.egemtv.com\/?p=29754"},"modified":"2025-05-19T00:56:58","modified_gmt":"2025-05-18T21:56:58","slug":"selendide-genclik-yuruyusu-yapildi","status":"publish","type":"post","link":"https:\/\/www.egemtv.com\/?p=29754","title":{"rendered":"Selendi\u2019de gen\u00e7lik y\u00fcr\u00fcy\u00fc\u015f\u00fc yap\u0131ld\u0131"},"content":{"rendered":"<p>Manisa\u2019n\u0131n Selendi il\u00e7esinde 19 May\u0131s kutlamalar\u0131 kapsam\u0131nda do\u011fa ve gen\u00e7lik y\u00fcr\u00fcy\u00fc\u015f\u00fc yap\u0131ld\u0131.<br \/>\n<br \/>19 May\u0131s Atat\u00fcrk\u2019\u00fc Anma, Gen\u00e7lik ve Spor Bayram\u0131 kapsam\u0131nda d\u00fczenlenen etkinlikler kapsam\u0131nda Selendi \u0130l\u00e7e Gen\u00e7lik ve Spor M\u00fcd\u00fcrl\u00fc\u011f\u00fc organizat\u00f6rl\u00fc\u011f\u00fcnde K\u0131n\u0131k Mesire Alan\u0131\u2019nda Do\u011fa ve Gen\u00e7lik Y\u00fcr\u00fcy\u00fc\u015f\u00fc yap\u0131ld\u0131.<br \/>\n<br \/>Selendi\u2019nin K\u0131n\u0131k mesire alan\u0131nda yap\u0131lan do\u011fa ve gen\u00e7lik y\u00fcr\u00fcy\u00fc\u015f\u00fcne kat\u0131l\u0131m yo\u011fun oldu. \u00d6zelikle gen\u00e7lerin kat\u0131l\u0131m sa\u011flad\u0131\u011f\u0131 y\u00fcr\u00fcy\u00fc\u015f\u00fcn ard\u0131ndan, K\u0131n\u0131k Mahallesi muhtar\u0131 ve sakinleri taraf\u0131ndan tavuklu pilav, ayran ve \u00e7ay ikram\u0131nda bulunuldu. Y\u00fcr\u00fcy\u00fc\u015fe Selendi Belediye Ba\u015fkan\u0131 Murat Daban, \u0130l\u00e7e Jandarma Komutan\u0131 Muhammed Tok, \u0130l\u00e7e Emniyet Amiri Emre Gevanci, \u0130l\u00e7e Milli E\u011fitim M\u00fcd\u00fcr\u00fc Ahmet Ata\u015fman, \u0130l\u00e7e M\u00fcft\u00fcs\u00fc Dervi\u015f Makas, \u0130l\u00e7e Gen\u00e7lik ve Spor M\u00fcd\u00fcr\u00fc Sait Bozer, \u00f6\u011frenciler ve vatanda\u015flar kat\u0131ld\u0131.<br \/><\/p>\n","protected":false},"excerpt":{"rendered":"<p>Manisa\u2019n\u0131n Selendi il\u00e7esinde 19 May\u0131s kutlamalar\u0131 kapsam\u0131nda do\u011fa ve gen\u00e7lik y\u00fcr\u00fcy\u00fc\u015f\u00fc yap\u0131ld\u0131. 19 May\u0131s Atat\u00fcrk\u2019\u00fc Anma, Gen\u00e7lik ve Spor Bayram\u0131 kapsam\u0131nda d\u00fczenlenen etkinlikler kapsam\u0131nda Selendi \u0130l\u00e7e Gen\u00e7lik ve Spor M\u00fcd\u00fcrl\u00fc\u011f\u00fc organizat\u00f6rl\u00fc\u011f\u00fcnde K\u0131n\u0131k Mesire Alan\u0131\u2019nda Do\u011fa ve Gen\u00e7lik Y\u00fcr\u00fcy\u00fc\u015f\u00fc yap\u0131ld\u0131. Selendi\u2019nin K\u0131n\u0131k mesire alan\u0131nda yap\u0131lan do\u011fa ve gen\u00e7lik y\u00fcr\u00fcy\u00fc\u015f\u00fcne kat\u0131l\u0131m yo\u011fun oldu. \u00d6zelikle gen\u00e7lerin kat\u0131l\u0131m sa\u011flad\u0131\u011f\u0131&#8230;<\/p>\n","protected":false},"author":1,"featured_media":29755,"comment_status":"open","ping_status":"open","sticky":false,"template":"","format":"standard","meta":{"_crdt_document":"","footnotes":""},"categories":[1],"tags":[],"class_list":["post-29754","post","type-post","status-publish","format-standard","has-post-thumbnail","hentry","category-guncel"],"_links":{"self":[{"href":"https:\/\/www.egemtv.com\/index.php?rest_route=\/wp\/v2\/posts\/29754","targetHints":{"allow":["GET"]}}],"collection":[{"href":"https:\/\/www.egemtv.com\/index.php?rest_route=\/wp\/v2\/posts"}],"about":[{"href":"https:\/\/www.egemtv.com\/index.php?rest_route=\/wp\/v2\/types\/post"}],"author":[{"embeddable":true,"href":"https:\/\/www.egemtv.com\/index.php?rest_route=\/wp\/v2\/users\/1"}],"replies":[{"embeddable":true,"href":"https:\/\/www.egemtv.com\/index.php?rest_route=%2Fwp%2Fv2%2Fcomments&post=29754"}],"version-history":[{"count":1,"href":"https:\/\/www.egemtv.com\/index.php?rest_route=\/wp\/v2\/posts\/29754\/revisions"}],"predecessor-version":[{"id":29756,"href":"https:\/\/www.egemtv.com\/index.php?rest_route=\/wp\/v2\/posts\/29754\/revisions\/29756"}],"wp:featuredmedia":[{"embeddable":true,"href":"https:\/\/www.egemtv.com\/index.php?rest_route=\/wp\/v2\/media\/29755"}],"wp:attachment":[{"href":"https:\/\/www.egemtv.com\/index.php?rest_route=%2Fwp%2Fv2%2Fmedia&parent=29754"}],"wp:term":[{"taxonomy":"category","embeddable":true,"href":"https:\/\/www.egemtv.com\/index.php?rest_route=%2Fwp%2Fv2%2Fcategories&post=29754"},{"taxonomy":"post_tag","embeddable":true,"href":"https:\/\/www.egemtv.com\/index.php?rest_route=%2Fwp%2Fv2%2Ftags&post=29754"}],"curies":[{"name":"wp","href":"https:\/\/api.w.org\/{rel}","templated":true}]}}