{"id":29751,"date":"2025-05-19T00:36:28","date_gmt":"2025-05-18T21:36:28","guid":{"rendered":"https:\/\/www.egemtv.com\/?p=29751"},"modified":"2025-05-19T00:36:33","modified_gmt":"2025-05-18T21:36:33","slug":"alev-alan-park-halindeki-tir-yandi","status":"publish","type":"post","link":"https:\/\/www.egemtv.com\/?p=29751","title":{"rendered":"Alev alan park halindeki t\u0131r yand\u0131"},"content":{"rendered":"<p>U\u015fak\u2019ta park halindeyken alev alarak yanan t\u0131r kullan\u0131lamaz hale geldi.<br \/>\n<br \/>Edinilen bilgilere g\u00f6re, Ankara-U\u015fak karayolu \u0130kisaray k\u00f6y\u00fc yak\u0131nlar\u0131nda bir i\u015f yerinin \u00f6n\u00fcnde park halinde bulunan 64 FM 242 plakal\u0131 t\u0131rda hen\u00fcz belirlenemeyen bir nedenle yang\u0131n \u00e7\u0131kt\u0131. Yang\u0131n, k\u0131sa s\u00fcrede b\u00fcy\u00fcyerek t\u00fcm arac\u0131 sard\u0131. \u00c7evredeki vatanda\u015flar\u0131n durumu 112 Acil \u00c7a\u011fr\u0131 Merkezi\u2019ne bildirmesi \u00fczerine olay yerine jandarma ve U\u015fak Belediyesi itfaiye ekipleri sevk edildi. K\u0131sa s\u00fcrede olay yerine intikal eden itfaiye ekiplerinin uzun u\u011fra\u015flar\u0131 sonucu yang\u0131n s\u00f6nd\u00fcr\u00fcld\u00fc. T\u0131r kullan\u0131lmaz hale gelirken, yang\u0131nla ilgili jandarma ekipleri inceleme ba\u015flatt\u0131.<br \/><\/p>\n","protected":false},"excerpt":{"rendered":"<p>U\u015fak\u2019ta park halindeyken alev alarak yanan t\u0131r kullan\u0131lamaz hale geldi. Edinilen bilgilere g\u00f6re, Ankara-U\u015fak karayolu \u0130kisaray k\u00f6y\u00fc yak\u0131nlar\u0131nda bir i\u015f yerinin \u00f6n\u00fcnde park halinde bulunan 64 FM 242 plakal\u0131 t\u0131rda hen\u00fcz belirlenemeyen bir nedenle yang\u0131n \u00e7\u0131kt\u0131. Yang\u0131n, k\u0131sa s\u00fcrede b\u00fcy\u00fcyerek t\u00fcm arac\u0131 sard\u0131. \u00c7evredeki vatanda\u015flar\u0131n durumu 112 Acil \u00c7a\u011fr\u0131 Merkezi\u2019ne bildirmesi \u00fczerine olay yerine jandarma&#8230;<\/p>\n","protected":false},"author":1,"featured_media":29752,"comment_status":"open","ping_status":"open","sticky":false,"template":"","format":"standard","meta":{"_crdt_document":"","footnotes":""},"categories":[5],"tags":[],"class_list":["post-29751","post","type-post","status-publish","format-standard","has-post-thumbnail","hentry","category-asayis"],"_links":{"self":[{"href":"https:\/\/www.egemtv.com\/index.php?rest_route=\/wp\/v2\/posts\/29751","targetHints":{"allow":["GET"]}}],"collection":[{"href":"https:\/\/www.egemtv.com\/index.php?rest_route=\/wp\/v2\/posts"}],"about":[{"href":"https:\/\/www.egemtv.com\/index.php?rest_route=\/wp\/v2\/types\/post"}],"author":[{"embeddable":true,"href":"https:\/\/www.egemtv.com\/index.php?rest_route=\/wp\/v2\/users\/1"}],"replies":[{"embeddable":true,"href":"https:\/\/www.egemtv.com\/index.php?rest_route=%2Fwp%2Fv2%2Fcomments&post=29751"}],"version-history":[{"count":1,"href":"https:\/\/www.egemtv.com\/index.php?rest_route=\/wp\/v2\/posts\/29751\/revisions"}],"predecessor-version":[{"id":29753,"href":"https:\/\/www.egemtv.com\/index.php?rest_route=\/wp\/v2\/posts\/29751\/revisions\/29753"}],"wp:featuredmedia":[{"embeddable":true,"href":"https:\/\/www.egemtv.com\/index.php?rest_route=\/wp\/v2\/media\/29752"}],"wp:attachment":[{"href":"https:\/\/www.egemtv.com\/index.php?rest_route=%2Fwp%2Fv2%2Fmedia&parent=29751"}],"wp:term":[{"taxonomy":"category","embeddable":true,"href":"https:\/\/www.egemtv.com\/index.php?rest_route=%2Fwp%2Fv2%2Fcategories&post=29751"},{"taxonomy":"post_tag","embeddable":true,"href":"https:\/\/www.egemtv.com\/index.php?rest_route=%2Fwp%2Fv2%2Ftags&post=29751"}],"curies":[{"name":"wp","href":"https:\/\/api.w.org\/{rel}","templated":true}]}}