{"id":29748,"date":"2025-05-18T23:55:55","date_gmt":"2025-05-18T20:55:55","guid":{"rendered":"https:\/\/www.egemtv.com\/?p=29748"},"modified":"2025-05-18T23:55:57","modified_gmt":"2025-05-18T20:55:57","slug":"kutahyanin-tavsanli-ilcesinde-sampiyonluk-kutlamalari","status":"publish","type":"post","link":"https:\/\/www.egemtv.com\/?p=29748","title":{"rendered":"K\u00fctahya\u2019n\u0131n Tav\u015fanl\u0131 il\u00e7esinde \u015fampiyonluk kutlamalar\u0131"},"content":{"rendered":"<p>K\u00fctahya\u2019n\u0131n Tav\u015fanl\u0131 il\u00e7esinde Galatasaray\u2019\u0131n \u015fampiyonluk kutlamalar\u0131 renkli g\u00f6r\u00fcnt\u00fclere sahne oldu.<br \/>\n<br \/>Galatasaray\u2019\u0131n S\u00fcper Lig\u2019deki 25. \u015fampiyonlu\u011funu ilan etmesi ve 5. y\u0131ld\u0131z\u0131 takmas\u0131, K\u00fctahya\u2019n\u0131n Tav\u015fanl\u0131 il\u00e7esinde b\u00fcy\u00fck bir co\u015fkuyla kar\u015f\u0131land\u0131. Ma\u00e7\u0131n biti\u015f d\u00fcd\u00fc\u011f\u00fcyle birlikte sar\u0131-k\u0131rm\u0131z\u0131l\u0131 taraftarlar, kutlamalar i\u00e7in Tav\u015fanl\u0131 Cumhuriyet Meydan\u0131\u2019na ak\u0131n etti.<br \/>\n<br \/>Tav\u015fanl\u0131\u2019daki Galatasarayl\u0131lar, ellerinde bayraklar ve me\u015falelerle meydan\u0131 adeta karnaval alan\u0131na \u00e7evirdi. \u015eampiyonluk tezah\u00fcratlar\u0131 ve mar\u015flar e\u015fli\u011finde co\u015fkulu anlar ya\u015fand\u0131. Ara\u00e7lar\u0131yla konvoylar olu\u015fturan taraftarlar, il\u00e7e sokaklar\u0131nda tur atarak sevin\u00e7lerini payla\u015ft\u0131. Kutlamalar s\u0131ras\u0131nda ilgin\u00e7 g\u00f6r\u00fcnt\u00fcler ortaya \u00e7\u0131karken, taraftarlar\u0131n co\u015fkusu gece ge\u00e7 saatlere kadar devam etti.<br \/>\n<br \/>Cumhuriyet Meydan\u0131\u2019nda toplanan kalabal\u0131k, Galatasaray\u2019\u0131n bu tarihi ba\u015far\u0131s\u0131n\u0131 hep birlikte kutlaman\u0131n mutlulu\u011funu ya\u015fad\u0131. Taraftarlar, &#8220;\u015eampiyon Cim Bom Bom&#8221;, &#8220;\u015eampiyon Galatasaray&#8221; sloganlar\u0131 atarak ve me\u015faleler yakarak \u015fampiyonluk sevincini doyas\u0131ya ya\u015fad\u0131. Kutlamalara kat\u0131lan her ya\u015ftan Galatasaray taraftar\u0131, bu tarihi an\u0131 \u00f6l\u00fcms\u00fczle\u015ftirmek i\u00e7in bol bol foto\u011fraf ve video \u00e7ekti.<br \/>\n<br \/>Tav\u015fanl\u0131 Galatasarayl\u0131lar Derne\u011fi \u00fcyeleri de bu kutlamalarda en ba\u015fta yerini ald\u0131.<br \/><\/p>\n","protected":false},"excerpt":{"rendered":"<p>K\u00fctahya\u2019n\u0131n Tav\u015fanl\u0131 il\u00e7esinde Galatasaray\u2019\u0131n \u015fampiyonluk kutlamalar\u0131 renkli g\u00f6r\u00fcnt\u00fclere sahne oldu. Galatasaray\u2019\u0131n S\u00fcper Lig\u2019deki 25. \u015fampiyonlu\u011funu ilan etmesi ve 5. y\u0131ld\u0131z\u0131 takmas\u0131, K\u00fctahya\u2019n\u0131n Tav\u015fanl\u0131 il\u00e7esinde b\u00fcy\u00fck bir co\u015fkuyla kar\u015f\u0131land\u0131. Ma\u00e7\u0131n biti\u015f d\u00fcd\u00fc\u011f\u00fcyle birlikte sar\u0131-k\u0131rm\u0131z\u0131l\u0131 taraftarlar, kutlamalar i\u00e7in Tav\u015fanl\u0131 Cumhuriyet Meydan\u0131\u2019na ak\u0131n etti. Tav\u015fanl\u0131\u2019daki Galatasarayl\u0131lar, ellerinde bayraklar ve me\u015falelerle meydan\u0131 adeta karnaval alan\u0131na \u00e7evirdi. \u015eampiyonluk tezah\u00fcratlar\u0131 ve&#8230;<\/p>\n","protected":false},"author":1,"featured_media":29749,"comment_status":"open","ping_status":"open","sticky":false,"template":"","format":"standard","meta":{"_crdt_document":"","footnotes":""},"categories":[4],"tags":[],"class_list":["post-29748","post","type-post","status-publish","format-standard","has-post-thumbnail","hentry","category-spor"],"_links":{"self":[{"href":"https:\/\/www.egemtv.com\/index.php?rest_route=\/wp\/v2\/posts\/29748","targetHints":{"allow":["GET"]}}],"collection":[{"href":"https:\/\/www.egemtv.com\/index.php?rest_route=\/wp\/v2\/posts"}],"about":[{"href":"https:\/\/www.egemtv.com\/index.php?rest_route=\/wp\/v2\/types\/post"}],"author":[{"embeddable":true,"href":"https:\/\/www.egemtv.com\/index.php?rest_route=\/wp\/v2\/users\/1"}],"replies":[{"embeddable":true,"href":"https:\/\/www.egemtv.com\/index.php?rest_route=%2Fwp%2Fv2%2Fcomments&post=29748"}],"version-history":[{"count":1,"href":"https:\/\/www.egemtv.com\/index.php?rest_route=\/wp\/v2\/posts\/29748\/revisions"}],"predecessor-version":[{"id":29750,"href":"https:\/\/www.egemtv.com\/index.php?rest_route=\/wp\/v2\/posts\/29748\/revisions\/29750"}],"wp:featuredmedia":[{"embeddable":true,"href":"https:\/\/www.egemtv.com\/index.php?rest_route=\/wp\/v2\/media\/29749"}],"wp:attachment":[{"href":"https:\/\/www.egemtv.com\/index.php?rest_route=%2Fwp%2Fv2%2Fmedia&parent=29748"}],"wp:term":[{"taxonomy":"category","embeddable":true,"href":"https:\/\/www.egemtv.com\/index.php?rest_route=%2Fwp%2Fv2%2Fcategories&post=29748"},{"taxonomy":"post_tag","embeddable":true,"href":"https:\/\/www.egemtv.com\/index.php?rest_route=%2Fwp%2Fv2%2Ftags&post=29748"}],"curies":[{"name":"wp","href":"https:\/\/api.w.org\/{rel}","templated":true}]}}