{"id":29745,"date":"2025-05-18T23:55:50","date_gmt":"2025-05-18T20:55:50","guid":{"rendered":"https:\/\/www.egemtv.com\/?p=29745"},"modified":"2025-05-18T23:55:55","modified_gmt":"2025-05-18T20:55:55","slug":"hisarcikta-galatasaray-taraftarlari-sampiyonlugu-kutladi","status":"publish","type":"post","link":"https:\/\/www.egemtv.com\/?p=29745","title":{"rendered":"Hisarc\u0131k\u2019ta Galatasaray taraftarlar\u0131 \u015fampiyonlu\u011fu kutlad\u0131"},"content":{"rendered":"<p>S\u00fcper Lig\u2019in 36. haftas\u0131nda evinde Kayserispor\u2019u 3-0 yenen Galatasaray\u2019\u0131n \u015fampiyonlu\u011fu K\u00fctahya\u2019n\u0131n Hisarc\u0131k il\u00e7esindeki taraftarlar taraf\u0131ndan co\u015fkuyla kutlad\u0131.<br \/>\n<br \/>Galatasaray\u2019\u0131n Kayserispor\u2019u 3-0 yenerek 25. \u015fampiyonlu\u011funu kazanmas\u0131yla birlikte Hisarc\u0131k\u2019ta sar\u0131-k\u0131rm\u0131z\u0131l\u0131 taraftarlar ellerinde sar\u0131-k\u0131rm\u0131z\u0131 bayraklarla il\u00e7e merkezini turlad\u0131. Taraftarlar daha sonra kutlaman\u0131n yap\u0131laca\u011f\u0131 Belediye Hizmet Binas\u0131 \u00f6n\u00fcne ellerinde me\u015fale ve slogan atarak geldiler.<br \/>\n<br \/>Co\u015fkulu taraftarlarca sloganlar e\u015fli\u011finde sallanan dev Galatasaray bayra\u011f\u0131, yak\u0131lan me\u015faleler, m\u00fczik e\u015fli\u011finde oynanan oyunlarla sar\u0131-k\u0131rm\u0131z\u0131l\u0131 ekibin \u015fampiyonlu\u011fu doyas\u0131ya kutland\u0131.<br \/><\/p>\n","protected":false},"excerpt":{"rendered":"<p>S\u00fcper Lig\u2019in 36. haftas\u0131nda evinde Kayserispor\u2019u 3-0 yenen Galatasaray\u2019\u0131n \u015fampiyonlu\u011fu K\u00fctahya\u2019n\u0131n Hisarc\u0131k il\u00e7esindeki taraftarlar taraf\u0131ndan co\u015fkuyla kutlad\u0131. Galatasaray\u2019\u0131n Kayserispor\u2019u 3-0 yenerek 25. \u015fampiyonlu\u011funu kazanmas\u0131yla birlikte Hisarc\u0131k\u2019ta sar\u0131-k\u0131rm\u0131z\u0131l\u0131 taraftarlar ellerinde sar\u0131-k\u0131rm\u0131z\u0131 bayraklarla il\u00e7e merkezini turlad\u0131. Taraftarlar daha sonra kutlaman\u0131n yap\u0131laca\u011f\u0131 Belediye Hizmet Binas\u0131 \u00f6n\u00fcne ellerinde me\u015fale ve slogan atarak geldiler. Co\u015fkulu taraftarlarca sloganlar e\u015fli\u011finde sallanan dev&#8230;<\/p>\n","protected":false},"author":1,"featured_media":29746,"comment_status":"open","ping_status":"open","sticky":false,"template":"","format":"standard","meta":{"_crdt_document":"","footnotes":""},"categories":[4],"tags":[],"class_list":["post-29745","post","type-post","status-publish","format-standard","has-post-thumbnail","hentry","category-spor"],"_links":{"self":[{"href":"https:\/\/www.egemtv.com\/index.php?rest_route=\/wp\/v2\/posts\/29745","targetHints":{"allow":["GET"]}}],"collection":[{"href":"https:\/\/www.egemtv.com\/index.php?rest_route=\/wp\/v2\/posts"}],"about":[{"href":"https:\/\/www.egemtv.com\/index.php?rest_route=\/wp\/v2\/types\/post"}],"author":[{"embeddable":true,"href":"https:\/\/www.egemtv.com\/index.php?rest_route=\/wp\/v2\/users\/1"}],"replies":[{"embeddable":true,"href":"https:\/\/www.egemtv.com\/index.php?rest_route=%2Fwp%2Fv2%2Fcomments&post=29745"}],"version-history":[{"count":1,"href":"https:\/\/www.egemtv.com\/index.php?rest_route=\/wp\/v2\/posts\/29745\/revisions"}],"predecessor-version":[{"id":29747,"href":"https:\/\/www.egemtv.com\/index.php?rest_route=\/wp\/v2\/posts\/29745\/revisions\/29747"}],"wp:featuredmedia":[{"embeddable":true,"href":"https:\/\/www.egemtv.com\/index.php?rest_route=\/wp\/v2\/media\/29746"}],"wp:attachment":[{"href":"https:\/\/www.egemtv.com\/index.php?rest_route=%2Fwp%2Fv2%2Fmedia&parent=29745"}],"wp:term":[{"taxonomy":"category","embeddable":true,"href":"https:\/\/www.egemtv.com\/index.php?rest_route=%2Fwp%2Fv2%2Fcategories&post=29745"},{"taxonomy":"post_tag","embeddable":true,"href":"https:\/\/www.egemtv.com\/index.php?rest_route=%2Fwp%2Fv2%2Ftags&post=29745"}],"curies":[{"name":"wp","href":"https:\/\/api.w.org\/{rel}","templated":true}]}}