{"id":29742,"date":"2025-05-18T23:38:26","date_gmt":"2025-05-18T20:38:26","guid":{"rendered":"https:\/\/www.egemtv.com\/?p=29742"},"modified":"2025-05-18T23:38:29","modified_gmt":"2025-05-18T20:38:29","slug":"izmirde-sari-kirmizili-taraftarlar-sampiyonlugu-kutladi","status":"publish","type":"post","link":"https:\/\/www.egemtv.com\/?p=29742","title":{"rendered":"\u0130zmir\u2019de sar\u0131-k\u0131rm\u0131z\u0131l\u0131 taraftarlar \u015fampiyonlu\u011fu kutlad\u0131"},"content":{"rendered":"<p>Trendyol S\u00fcper Lig\u2019in 36. haftas\u0131nda Galatasaray\u2019\u0131n Kayserispor\u2019u 3-0 yenerek \u015fampiyonlu\u011funu ilan etmesinin ard\u0131ndan, t\u00fcm yurtta oldu\u011fu gibi \u0130zmir\u2019in Alia\u011fa il\u00e7esinde de co\u015fkulu kutlamalar ba\u015flad\u0131. Sar\u0131-k\u0131rm\u0131z\u0131l\u0131 taraftarlar, Demokrasi Meydan\u0131\u2019nda bir araya gelerek renkli g\u00f6r\u00fcnt\u00fcler olu\u015fturdu.<br \/>\n<br \/>Alia\u011fa\u2019daki Galatasaray taraftarlar\u0131, \u015fampiyonlu\u011fun ard\u0131ndan kentin en \u00f6nemli meydanlar\u0131ndan biri olan Demokrasi Meydan\u0131\u2019n\u0131 doldurdu. Formalar\u0131, bayraklar\u0131 ve atk\u0131lar\u0131yla gelen taraftarlar, meydan\u0131 adeta bir karnaval alan\u0131na \u00e7evirdi. Tezah\u00fcratlar ve mar\u015flarla gecenin sessizli\u011fini bozan sar\u0131-k\u0131rm\u0131z\u0131l\u0131 taraftarlar, yakt\u0131klar\u0131 me\u015falelerle de geceyi ayd\u0131nlatt\u0131. Galatasaray taraftarlar\u0131 ara\u00e7lar\u0131yla kent merkezinde \u015fampiyonluk tur att\u0131.<br \/><\/p>\n","protected":false},"excerpt":{"rendered":"<p>Trendyol S\u00fcper Lig\u2019in 36. haftas\u0131nda Galatasaray\u2019\u0131n Kayserispor\u2019u 3-0 yenerek \u015fampiyonlu\u011funu ilan etmesinin ard\u0131ndan, t\u00fcm yurtta oldu\u011fu gibi \u0130zmir\u2019in Alia\u011fa il\u00e7esinde de co\u015fkulu kutlamalar ba\u015flad\u0131. Sar\u0131-k\u0131rm\u0131z\u0131l\u0131 taraftarlar, Demokrasi Meydan\u0131\u2019nda bir araya gelerek renkli g\u00f6r\u00fcnt\u00fcler olu\u015fturdu. Alia\u011fa\u2019daki Galatasaray taraftarlar\u0131, \u015fampiyonlu\u011fun ard\u0131ndan kentin en \u00f6nemli meydanlar\u0131ndan biri olan Demokrasi Meydan\u0131\u2019n\u0131 doldurdu. Formalar\u0131, bayraklar\u0131 ve atk\u0131lar\u0131yla gelen taraftarlar, meydan\u0131&#8230;<\/p>\n","protected":false},"author":1,"featured_media":29743,"comment_status":"open","ping_status":"open","sticky":false,"template":"","format":"standard","meta":{"_crdt_document":"","footnotes":""},"categories":[4],"tags":[],"class_list":["post-29742","post","type-post","status-publish","format-standard","has-post-thumbnail","hentry","category-spor"],"_links":{"self":[{"href":"https:\/\/www.egemtv.com\/index.php?rest_route=\/wp\/v2\/posts\/29742","targetHints":{"allow":["GET"]}}],"collection":[{"href":"https:\/\/www.egemtv.com\/index.php?rest_route=\/wp\/v2\/posts"}],"about":[{"href":"https:\/\/www.egemtv.com\/index.php?rest_route=\/wp\/v2\/types\/post"}],"author":[{"embeddable":true,"href":"https:\/\/www.egemtv.com\/index.php?rest_route=\/wp\/v2\/users\/1"}],"replies":[{"embeddable":true,"href":"https:\/\/www.egemtv.com\/index.php?rest_route=%2Fwp%2Fv2%2Fcomments&post=29742"}],"version-history":[{"count":1,"href":"https:\/\/www.egemtv.com\/index.php?rest_route=\/wp\/v2\/posts\/29742\/revisions"}],"predecessor-version":[{"id":29744,"href":"https:\/\/www.egemtv.com\/index.php?rest_route=\/wp\/v2\/posts\/29742\/revisions\/29744"}],"wp:featuredmedia":[{"embeddable":true,"href":"https:\/\/www.egemtv.com\/index.php?rest_route=\/wp\/v2\/media\/29743"}],"wp:attachment":[{"href":"https:\/\/www.egemtv.com\/index.php?rest_route=%2Fwp%2Fv2%2Fmedia&parent=29742"}],"wp:term":[{"taxonomy":"category","embeddable":true,"href":"https:\/\/www.egemtv.com\/index.php?rest_route=%2Fwp%2Fv2%2Fcategories&post=29742"},{"taxonomy":"post_tag","embeddable":true,"href":"https:\/\/www.egemtv.com\/index.php?rest_route=%2Fwp%2Fv2%2Ftags&post=29742"}],"curies":[{"name":"wp","href":"https:\/\/api.w.org\/{rel}","templated":true}]}}