{"id":29739,"date":"2025-05-18T23:38:20","date_gmt":"2025-05-18T20:38:20","guid":{"rendered":"https:\/\/www.egemtv.com\/?p=29739"},"modified":"2025-05-18T23:38:26","modified_gmt":"2025-05-18T20:38:26","slug":"fatih-tekke-penaltidan-sonra-daha-kolay-bir-mac-oynamamiz-lazimdi","status":"publish","type":"post","link":"https:\/\/www.egemtv.com\/?p=29739","title":{"rendered":"Fatih Tekke: &#8220;Penalt\u0131dan sonra daha kolay bir ma\u00e7 oynamam\u0131z laz\u0131md\u0131&#8221;"},"content":{"rendered":"<p>Trabzonspor Teknik Direkt\u00f6r\u00fc Fatih Tekke, Bodrum FK ma\u00e7\u0131n\u0131n ard\u0131ndan yapt\u0131\u011f\u0131 a\u00e7\u0131klamada, &#8220;Penalt\u0131dan sonra daha kolay bir ma\u00e7 oynamam\u0131z laz\u0131md\u0131&#8221; dedi.<br \/>\n<br \/>Trendyol S\u00fcper Lig\u2019in 36. haftas\u0131nda Trabzonspor, deplasmanda Bodrum FK ile 1-1 berabere kald\u0131. Ma\u00e7\u0131n ard\u0131ndan d\u00fczenlenen bas\u0131n toplant\u0131s\u0131nda Teknik Direkt\u00f6r Fatih Tekke a\u00e7\u0131klamalarda bulundu. Tekke, &#8220;Bodrumspor\u2019un iyi bir hocas\u0131 var, savunmada bizi \u015fa\u015f\u0131rtt\u0131. \u0130lk yar\u0131 \u00e7ok basit top kay\u0131plar\u0131 yapt\u0131k. Y\u00f6n de\u011fi\u015ftirirken biraz daha h\u0131zl\u0131 olmam\u0131z laz\u0131md\u0131. \u00c7ok fazla pozisyona giremeden, rakibimizin bizim top kayb\u0131m\u0131zla att\u0131\u011f\u0131 bir gol var. \u0130kinci yar\u0131 da rakibin savunmas\u0131yla kar\u015f\u0131la\u015ft\u0131k. Biraz daha etkiliydik diyebilirim. \u00d6zellikle giren oyuncular\u0131n katk\u0131s\u0131 \u00e7ok fazla oldu. \u00c7ok net en az \u00fc\u00e7 pozisyonumuz var. Final \u00f6ncesi ve final paslar\u0131m\u0131z\u0131n daha iyi olmas\u0131 laz\u0131md\u0131. Ma\u00e7\u0131n 1-1 de\u011fil \u00e7ok daha \u00f6nce bitmi\u015f olmas\u0131 laz\u0131md\u0131. Penalt\u0131 gol\u00fcnden sonra \u00e7ok daha kolay bir ma\u00e7 oynamam\u0131z laz\u0131md\u0131. \u0130ki puan kaybederek buradan evimize gidiyoruz. \u00d6n\u00fcm\u00fczde Samsunspor ve Antalyaspor ma\u00e7lar\u0131n\u0131 iyi ve moralle bitirmek istiyoruz. Bu arada da gelecek sezonun planlar\u0131n\u0131 yap\u0131yoruz. Transferlerle ilgili oyuncu izlemelerimiz devam ediyor. Seneye kuraca\u011f\u0131m\u0131z tak\u0131mla ilgili hata yapmamak i\u00e7in \u00e7al\u0131\u015fmaya devam edece\u011fiz&#8221; diye konu\u015ftu.<br \/><\/p>\n","protected":false},"excerpt":{"rendered":"<p>Trabzonspor Teknik Direkt\u00f6r\u00fc Fatih Tekke, Bodrum FK ma\u00e7\u0131n\u0131n ard\u0131ndan yapt\u0131\u011f\u0131 a\u00e7\u0131klamada, &#8220;Penalt\u0131dan sonra daha kolay bir ma\u00e7 oynamam\u0131z laz\u0131md\u0131&#8221; dedi. Trendyol S\u00fcper Lig\u2019in 36. haftas\u0131nda Trabzonspor, deplasmanda Bodrum FK ile 1-1 berabere kald\u0131. Ma\u00e7\u0131n ard\u0131ndan d\u00fczenlenen bas\u0131n toplant\u0131s\u0131nda Teknik Direkt\u00f6r Fatih Tekke a\u00e7\u0131klamalarda bulundu. Tekke, &#8220;Bodrumspor\u2019un iyi bir hocas\u0131 var, savunmada bizi \u015fa\u015f\u0131rtt\u0131. \u0130lk yar\u0131&#8230;<\/p>\n","protected":false},"author":1,"featured_media":29740,"comment_status":"open","ping_status":"open","sticky":false,"template":"","format":"standard","meta":{"_crdt_document":"","footnotes":""},"categories":[4],"tags":[],"class_list":["post-29739","post","type-post","status-publish","format-standard","has-post-thumbnail","hentry","category-spor"],"_links":{"self":[{"href":"https:\/\/www.egemtv.com\/index.php?rest_route=\/wp\/v2\/posts\/29739","targetHints":{"allow":["GET"]}}],"collection":[{"href":"https:\/\/www.egemtv.com\/index.php?rest_route=\/wp\/v2\/posts"}],"about":[{"href":"https:\/\/www.egemtv.com\/index.php?rest_route=\/wp\/v2\/types\/post"}],"author":[{"embeddable":true,"href":"https:\/\/www.egemtv.com\/index.php?rest_route=\/wp\/v2\/users\/1"}],"replies":[{"embeddable":true,"href":"https:\/\/www.egemtv.com\/index.php?rest_route=%2Fwp%2Fv2%2Fcomments&post=29739"}],"version-history":[{"count":1,"href":"https:\/\/www.egemtv.com\/index.php?rest_route=\/wp\/v2\/posts\/29739\/revisions"}],"predecessor-version":[{"id":29741,"href":"https:\/\/www.egemtv.com\/index.php?rest_route=\/wp\/v2\/posts\/29739\/revisions\/29741"}],"wp:featuredmedia":[{"embeddable":true,"href":"https:\/\/www.egemtv.com\/index.php?rest_route=\/wp\/v2\/media\/29740"}],"wp:attachment":[{"href":"https:\/\/www.egemtv.com\/index.php?rest_route=%2Fwp%2Fv2%2Fmedia&parent=29739"}],"wp:term":[{"taxonomy":"category","embeddable":true,"href":"https:\/\/www.egemtv.com\/index.php?rest_route=%2Fwp%2Fv2%2Fcategories&post=29739"},{"taxonomy":"post_tag","embeddable":true,"href":"https:\/\/www.egemtv.com\/index.php?rest_route=%2Fwp%2Fv2%2Ftags&post=29739"}],"curies":[{"name":"wp","href":"https:\/\/api.w.org\/{rel}","templated":true}]}}