{"id":29733,"date":"2025-05-18T23:38:11","date_gmt":"2025-05-18T20:38:11","guid":{"rendered":"https:\/\/www.egemtv.com\/?p=29733"},"modified":"2025-05-18T23:38:16","modified_gmt":"2025-05-18T20:38:16","slug":"kutahyadaki-kutlamalara-fenerbahceli-taraftar-da-katildi","status":"publish","type":"post","link":"https:\/\/www.egemtv.com\/?p=29733","title":{"rendered":"K\u00fctahya\u2019daki kutlamalara Fenerbah\u00e7eli taraftar da kat\u0131ld\u0131"},"content":{"rendered":"<p>Galatasaray\u2019\u0131n S\u00fcper Lig \u015fampiyonlu\u011funu ilan etmesinin ard\u0131ndan K\u00fctahya\u2019da binlerce taraftar, Atat\u00fcrk Bulvar\u0131 ve Zafer Meydan\u0131\u2019nda bir araya gelerek b\u00fcy\u00fck bir co\u015fku ya\u015fad\u0131. \u015eark\u0131lar e\u015fli\u011finde me\u015faleler yakan ve tezah\u00fcratlar atan sar\u0131-k\u0131rm\u0131z\u0131l\u0131 taraftarlar, ara\u00e7 konvoylar\u0131yla \u015fehri turlad\u0131.<br \/>\n<br \/>Kutlamalarda ilgin\u00e7 bir an da ya\u015fand\u0131. Koyu bir Fenerbah\u00e7e taraftar\u0131 olan Eren Demir, Galatasarayl\u0131lar\u0131n kutlamalar\u0131na Fenerbah\u00e7e formas\u0131yla kat\u0131ld\u0131. Galatasarayl\u0131 taraftarlar\u0131n omuzlar\u0131na ald\u0131\u011f\u0131 Demir, \u015fampiyonluk co\u015fkusuna ortak oldu.<br \/>\n<br \/>\u00dcniversitesi \u00f6\u011frencisi Eren Demir yapt\u0131\u011f\u0131 a\u00e7\u0131klamada, &#8220;11 y\u0131ld\u0131r \u015fampiyon olam\u0131yoruz, kutlamalar\u0131 \u00f6\u011frenmeye \u00e7al\u0131\u015f\u0131yorum&#8221; s\u00f6zleriyle dikkat \u00e7ekti.<br \/><\/p>\n","protected":false},"excerpt":{"rendered":"<p>Galatasaray\u2019\u0131n S\u00fcper Lig \u015fampiyonlu\u011funu ilan etmesinin ard\u0131ndan K\u00fctahya\u2019da binlerce taraftar, Atat\u00fcrk Bulvar\u0131 ve Zafer Meydan\u0131\u2019nda bir araya gelerek b\u00fcy\u00fck bir co\u015fku ya\u015fad\u0131. \u015eark\u0131lar e\u015fli\u011finde me\u015faleler yakan ve tezah\u00fcratlar atan sar\u0131-k\u0131rm\u0131z\u0131l\u0131 taraftarlar, ara\u00e7 konvoylar\u0131yla \u015fehri turlad\u0131. Kutlamalarda ilgin\u00e7 bir an da ya\u015fand\u0131. Koyu bir Fenerbah\u00e7e taraftar\u0131 olan Eren Demir, Galatasarayl\u0131lar\u0131n kutlamalar\u0131na Fenerbah\u00e7e formas\u0131yla kat\u0131ld\u0131. Galatasarayl\u0131 taraftarlar\u0131n&#8230;<\/p>\n","protected":false},"author":1,"featured_media":29734,"comment_status":"open","ping_status":"open","sticky":false,"template":"","format":"standard","meta":{"_crdt_document":"","footnotes":""},"categories":[4],"tags":[],"class_list":["post-29733","post","type-post","status-publish","format-standard","has-post-thumbnail","hentry","category-spor"],"_links":{"self":[{"href":"https:\/\/www.egemtv.com\/index.php?rest_route=\/wp\/v2\/posts\/29733","targetHints":{"allow":["GET"]}}],"collection":[{"href":"https:\/\/www.egemtv.com\/index.php?rest_route=\/wp\/v2\/posts"}],"about":[{"href":"https:\/\/www.egemtv.com\/index.php?rest_route=\/wp\/v2\/types\/post"}],"author":[{"embeddable":true,"href":"https:\/\/www.egemtv.com\/index.php?rest_route=\/wp\/v2\/users\/1"}],"replies":[{"embeddable":true,"href":"https:\/\/www.egemtv.com\/index.php?rest_route=%2Fwp%2Fv2%2Fcomments&post=29733"}],"version-history":[{"count":1,"href":"https:\/\/www.egemtv.com\/index.php?rest_route=\/wp\/v2\/posts\/29733\/revisions"}],"predecessor-version":[{"id":29735,"href":"https:\/\/www.egemtv.com\/index.php?rest_route=\/wp\/v2\/posts\/29733\/revisions\/29735"}],"wp:featuredmedia":[{"embeddable":true,"href":"https:\/\/www.egemtv.com\/index.php?rest_route=\/wp\/v2\/media\/29734"}],"wp:attachment":[{"href":"https:\/\/www.egemtv.com\/index.php?rest_route=%2Fwp%2Fv2%2Fmedia&parent=29733"}],"wp:term":[{"taxonomy":"category","embeddable":true,"href":"https:\/\/www.egemtv.com\/index.php?rest_route=%2Fwp%2Fv2%2Fcategories&post=29733"},{"taxonomy":"post_tag","embeddable":true,"href":"https:\/\/www.egemtv.com\/index.php?rest_route=%2Fwp%2Fv2%2Ftags&post=29733"}],"curies":[{"name":"wp","href":"https:\/\/api.w.org\/{rel}","templated":true}]}}