{"id":29730,"date":"2025-05-18T22:37:34","date_gmt":"2025-05-18T19:37:34","guid":{"rendered":"https:\/\/www.egemtv.com\/?p=29730"},"modified":"2025-05-18T22:37:39","modified_gmt":"2025-05-18T19:37:39","slug":"denizlide-motosiklet-yol-kenarina-devrildi-2-olu","status":"publish","type":"post","link":"https:\/\/www.egemtv.com\/?p=29730","title":{"rendered":"Denizli\u2019de motosiklet yol kenar\u0131na devrildi: 2 \u00f6l\u00fc"},"content":{"rendered":"<p>Denizli\u2019de savrularak yol kenar\u0131na u\u00e7an motosikletteki 2 ki\u015fi ya\u015fam\u0131n\u0131 yitirdi.<br \/>\n<br \/>Kaza, \u00c7ivril il\u00e7esi Denizli-U\u015fak Karayolu \u00fczerinde meydana geldi. Edinilen bilgilere g\u00f6re, Ahmet \u015eahan\u2019\u0131n (26) kulland\u0131\u011f\u0131 64 AEE 798 plakal\u0131 motosiklet, s\u00fcr\u00fcc\u00fcs\u00fcn\u00fcn hakimiyetini kaybetmesi ile savrularak yol kenar\u0131na u\u00e7tu. \u00c7evredeki vatanda\u015flar\u0131n ihbar\u0131 \u00fczerine b\u00f6lgeye jandarma ve sa\u011fl\u0131k ekipleri sevk edildi. Motosiklet s\u00fcr\u00fcc\u00fcs\u00fc Ahmet \u015eahan ve arkas\u0131nda bulunan Feyza \u00d6zdemir, sa\u011fl\u0131k ekipleri taraf\u0131ndan yap\u0131lan ilk m\u00fcdahalenin ard\u0131ndan \u00c7ivril Devlet Hastanesine sevk edildi. A\u011f\u0131r yaralanan 2 gen\u00e7, doktorlar\u0131n t\u00fcm m\u00fcdahalelerine ra\u011fmen kurtar\u0131lamad\u0131.<br \/>\n<br \/>Kazayla ilgili soru\u015fturma ba\u015flat\u0131ld\u0131.<br \/><\/p>\n","protected":false},"excerpt":{"rendered":"<p>Denizli\u2019de savrularak yol kenar\u0131na u\u00e7an motosikletteki 2 ki\u015fi ya\u015fam\u0131n\u0131 yitirdi. Kaza, \u00c7ivril il\u00e7esi Denizli-U\u015fak Karayolu \u00fczerinde meydana geldi. Edinilen bilgilere g\u00f6re, Ahmet \u015eahan\u2019\u0131n (26) kulland\u0131\u011f\u0131 64 AEE 798 plakal\u0131 motosiklet, s\u00fcr\u00fcc\u00fcs\u00fcn\u00fcn hakimiyetini kaybetmesi ile savrularak yol kenar\u0131na u\u00e7tu. \u00c7evredeki vatanda\u015flar\u0131n ihbar\u0131 \u00fczerine b\u00f6lgeye jandarma ve sa\u011fl\u0131k ekipleri sevk edildi. Motosiklet s\u00fcr\u00fcc\u00fcs\u00fc Ahmet \u015eahan ve arkas\u0131nda&#8230;<\/p>\n","protected":false},"author":1,"featured_media":29731,"comment_status":"open","ping_status":"open","sticky":false,"template":"","format":"standard","meta":{"_crdt_document":"","footnotes":""},"categories":[5],"tags":[],"class_list":["post-29730","post","type-post","status-publish","format-standard","has-post-thumbnail","hentry","category-asayis"],"_links":{"self":[{"href":"https:\/\/www.egemtv.com\/index.php?rest_route=\/wp\/v2\/posts\/29730","targetHints":{"allow":["GET"]}}],"collection":[{"href":"https:\/\/www.egemtv.com\/index.php?rest_route=\/wp\/v2\/posts"}],"about":[{"href":"https:\/\/www.egemtv.com\/index.php?rest_route=\/wp\/v2\/types\/post"}],"author":[{"embeddable":true,"href":"https:\/\/www.egemtv.com\/index.php?rest_route=\/wp\/v2\/users\/1"}],"replies":[{"embeddable":true,"href":"https:\/\/www.egemtv.com\/index.php?rest_route=%2Fwp%2Fv2%2Fcomments&post=29730"}],"version-history":[{"count":1,"href":"https:\/\/www.egemtv.com\/index.php?rest_route=\/wp\/v2\/posts\/29730\/revisions"}],"predecessor-version":[{"id":29732,"href":"https:\/\/www.egemtv.com\/index.php?rest_route=\/wp\/v2\/posts\/29730\/revisions\/29732"}],"wp:featuredmedia":[{"embeddable":true,"href":"https:\/\/www.egemtv.com\/index.php?rest_route=\/wp\/v2\/media\/29731"}],"wp:attachment":[{"href":"https:\/\/www.egemtv.com\/index.php?rest_route=%2Fwp%2Fv2%2Fmedia&parent=29730"}],"wp:term":[{"taxonomy":"category","embeddable":true,"href":"https:\/\/www.egemtv.com\/index.php?rest_route=%2Fwp%2Fv2%2Fcategories&post=29730"},{"taxonomy":"post_tag","embeddable":true,"href":"https:\/\/www.egemtv.com\/index.php?rest_route=%2Fwp%2Fv2%2Ftags&post=29730"}],"curies":[{"name":"wp","href":"https:\/\/api.w.org\/{rel}","templated":true}]}}