{"id":29727,"date":"2025-05-18T22:18:11","date_gmt":"2025-05-18T19:18:11","guid":{"rendered":"https:\/\/www.egemtv.com\/?p=29727"},"modified":"2025-05-18T22:18:19","modified_gmt":"2025-05-18T19:18:19","slug":"galatasaraylilar-aydinda-besinci-yildizi-yakti","status":"publish","type":"post","link":"https:\/\/www.egemtv.com\/?p=29727","title":{"rendered":"Galatasarayl\u0131lar, Ayd\u0131n\u2019da be\u015finci y\u0131ld\u0131z\u0131 yakt\u0131"},"content":{"rendered":"<p>Ge\u00e7ti\u011fimiz \u015eubat ay\u0131nda dernek binas\u0131na kavu\u015fan Ayd\u0131n Galatasaray Taraftarlar Derne\u011fi, Galatasaray\u2019\u0131n \u015fampiyonlu\u011funu ilan etmesinin ard\u0131ndan dernek binas\u0131na ast\u0131klar\u0131 tabelan\u0131n be\u015finci y\u0131ld\u0131z\u0131n\u0131 aktif etti.<br \/>\n<br \/>Ayd\u0131n\u2019da 2014 y\u0131l\u0131nda kurulan Galatasaray Taraftarlar Derne\u011fi, ge\u00e7ti\u011fimiz \u015eubat ay\u0131nda a\u00e7\u0131l\u0131\u015f\u0131n\u0131 yapt\u0131\u011f\u0131 dernek binas\u0131nda \u015fampiyonlu\u011fu kutlad\u0131. Derne\u011fin a\u00e7\u0131l\u0131\u015f\u0131n\u0131n ard\u0131ndan binan\u0131n \u00e7at\u0131s\u0131na as\u0131lan ve bir s\u00fcredir sadece 4 y\u0131ld\u0131z\u0131 aktif olan 5 y\u0131ld\u0131zl\u0131 tabelan\u0131n kalan son y\u0131ld\u0131z\u0131n\u0131 da bug\u00fcn aktif etti. Galatasaray\u2018\u0131n ligin bitimine 2 hafta kala Kayserispor\u2019u 3-0 yenerek \u015fampiyonlu\u011funu ilan etmesinin ard\u0131ndan Ayd\u0131n sokaklar\u0131 sar\u0131-k\u0131rm\u0131z\u0131ya boyan\u0131rken, Ayd\u0131n Galatasaray Taraftarlar Derne\u011fi de 5. y\u0131ld\u0131z\u0131 yakt\u0131.<br \/><\/p>\n","protected":false},"excerpt":{"rendered":"<p>Ge\u00e7ti\u011fimiz \u015eubat ay\u0131nda dernek binas\u0131na kavu\u015fan Ayd\u0131n Galatasaray Taraftarlar Derne\u011fi, Galatasaray\u2019\u0131n \u015fampiyonlu\u011funu ilan etmesinin ard\u0131ndan dernek binas\u0131na ast\u0131klar\u0131 tabelan\u0131n be\u015finci y\u0131ld\u0131z\u0131n\u0131 aktif etti. Ayd\u0131n\u2019da 2014 y\u0131l\u0131nda kurulan Galatasaray Taraftarlar Derne\u011fi, ge\u00e7ti\u011fimiz \u015eubat ay\u0131nda a\u00e7\u0131l\u0131\u015f\u0131n\u0131 yapt\u0131\u011f\u0131 dernek binas\u0131nda \u015fampiyonlu\u011fu kutlad\u0131. Derne\u011fin a\u00e7\u0131l\u0131\u015f\u0131n\u0131n ard\u0131ndan binan\u0131n \u00e7at\u0131s\u0131na as\u0131lan ve bir s\u00fcredir sadece 4 y\u0131ld\u0131z\u0131 aktif olan 5 y\u0131ld\u0131zl\u0131&#8230;<\/p>\n","protected":false},"author":1,"featured_media":29728,"comment_status":"open","ping_status":"open","sticky":false,"template":"","format":"standard","meta":{"_crdt_document":"","footnotes":""},"categories":[4],"tags":[],"class_list":["post-29727","post","type-post","status-publish","format-standard","has-post-thumbnail","hentry","category-spor"],"_links":{"self":[{"href":"https:\/\/www.egemtv.com\/index.php?rest_route=\/wp\/v2\/posts\/29727","targetHints":{"allow":["GET"]}}],"collection":[{"href":"https:\/\/www.egemtv.com\/index.php?rest_route=\/wp\/v2\/posts"}],"about":[{"href":"https:\/\/www.egemtv.com\/index.php?rest_route=\/wp\/v2\/types\/post"}],"author":[{"embeddable":true,"href":"https:\/\/www.egemtv.com\/index.php?rest_route=\/wp\/v2\/users\/1"}],"replies":[{"embeddable":true,"href":"https:\/\/www.egemtv.com\/index.php?rest_route=%2Fwp%2Fv2%2Fcomments&post=29727"}],"version-history":[{"count":1,"href":"https:\/\/www.egemtv.com\/index.php?rest_route=\/wp\/v2\/posts\/29727\/revisions"}],"predecessor-version":[{"id":29729,"href":"https:\/\/www.egemtv.com\/index.php?rest_route=\/wp\/v2\/posts\/29727\/revisions\/29729"}],"wp:featuredmedia":[{"embeddable":true,"href":"https:\/\/www.egemtv.com\/index.php?rest_route=\/wp\/v2\/media\/29728"}],"wp:attachment":[{"href":"https:\/\/www.egemtv.com\/index.php?rest_route=%2Fwp%2Fv2%2Fmedia&parent=29727"}],"wp:term":[{"taxonomy":"category","embeddable":true,"href":"https:\/\/www.egemtv.com\/index.php?rest_route=%2Fwp%2Fv2%2Fcategories&post=29727"},{"taxonomy":"post_tag","embeddable":true,"href":"https:\/\/www.egemtv.com\/index.php?rest_route=%2Fwp%2Fv2%2Ftags&post=29727"}],"curies":[{"name":"wp","href":"https:\/\/api.w.org\/{rel}","templated":true}]}}