{"id":29724,"date":"2025-05-18T22:00:51","date_gmt":"2025-05-18T19:00:51","guid":{"rendered":"https:\/\/www.egemtv.com\/?p=29724"},"modified":"2025-05-18T22:00:58","modified_gmt":"2025-05-18T19:00:58","slug":"koycegizde-genclik-haftasi-cesitli-etkinliklerle-kutlaniyor","status":"publish","type":"post","link":"https:\/\/www.egemtv.com\/?p=29724","title":{"rendered":"K\u00f6yce\u011fiz\u2019de Gen\u00e7lik Haftas\u0131 \u00e7e\u015fitli etkinliklerle kutlan\u0131yor"},"content":{"rendered":"<p>Mu\u011fla\u2019n\u0131n K\u00f6yce\u011fiz il\u00e7esinde Gen\u00e7lik Haftas\u0131 \u00e7e\u015fitli etkinliklerle kutlanmaya devam ediyor.<\/p>\n<p>19 May\u0131s Atat\u00fcrk\u2019\u00fc Anma Gen\u00e7lik ve Spor Bayram\u0131 Gen\u00e7lik Haftas\u0131 kutlamalar\u0131 \u00e7er\u00e7evesinde ilk olarak Atat\u00fcrk b\u00fcst\u00fcne \u00e7elenk koyma t\u00f6reni ger\u00e7ekle\u015ftirildi. \u00c7elenk K\u00f6yce\u011fiz \u0130l\u00e7e Gen\u00e7lik ve Spor M\u00fcd\u00fcr\u00fc Mehmet Kaleli taraf\u0131ndan sunuldu. \u00c7elenk t\u00f6reninin akabinde heyet K\u00f6yce\u011fiz Kaymakam\u0131 Mustafa Maslak\u2019\u0131 ziyaret etti. K\u00f6yce\u011fiz Gen\u00e7lik Merkezi hafta boyunca \u00e7e\u015fitli etkinlikler d\u00fczenledi. K\u00f6yce\u011fiz Spor Salonu\u2019nda futsal, hentbol, atletizm, g\u00fclle atma, uzun atlama, basketbol, voleybol, 80 metre ko\u015fu yar\u0131\u015f\u0131 gibi spor turnuvalar\u0131 yap\u0131ld\u0131. \u00dccretsiz \u00e7ay ve patlam\u0131\u015f m\u0131s\u0131r e\u015fli\u011finde a\u00e7\u0131k hava sinemas\u0131 sunuldu. \u00d6d\u00fcll\u00fc bilgi yar\u0131\u015fmalar\u0131, K\u00f6yce\u011fiz Atat\u00fcrk Kordonunda gen\u00e7lik spor festivali, teleskop ile ku\u015f g\u00f6zleme, model u\u00e7ak ve u\u00e7urtma \u015fenli\u011fi etkinlikleri ile Gen\u00e7lik Haftas\u0131 dolu dolu ya\u015fan\u0131yor.<br \/><\/p>\n","protected":false},"excerpt":{"rendered":"<p>Mu\u011fla\u2019n\u0131n K\u00f6yce\u011fiz il\u00e7esinde Gen\u00e7lik Haftas\u0131 \u00e7e\u015fitli etkinliklerle kutlanmaya devam ediyor. 19 May\u0131s Atat\u00fcrk\u2019\u00fc Anma Gen\u00e7lik ve Spor Bayram\u0131 Gen\u00e7lik Haftas\u0131 kutlamalar\u0131 \u00e7er\u00e7evesinde ilk olarak Atat\u00fcrk b\u00fcst\u00fcne \u00e7elenk koyma t\u00f6reni ger\u00e7ekle\u015ftirildi. \u00c7elenk K\u00f6yce\u011fiz \u0130l\u00e7e Gen\u00e7lik ve Spor M\u00fcd\u00fcr\u00fc Mehmet Kaleli taraf\u0131ndan sunuldu. \u00c7elenk t\u00f6reninin akabinde heyet K\u00f6yce\u011fiz Kaymakam\u0131 Mustafa Maslak\u2019\u0131 ziyaret etti. K\u00f6yce\u011fiz Gen\u00e7lik Merkezi hafta&#8230;<\/p>\n","protected":false},"author":1,"featured_media":29725,"comment_status":"open","ping_status":"open","sticky":false,"template":"","format":"standard","meta":{"_crdt_document":"","footnotes":""},"categories":[1],"tags":[],"class_list":["post-29724","post","type-post","status-publish","format-standard","has-post-thumbnail","hentry","category-guncel"],"_links":{"self":[{"href":"https:\/\/www.egemtv.com\/index.php?rest_route=\/wp\/v2\/posts\/29724","targetHints":{"allow":["GET"]}}],"collection":[{"href":"https:\/\/www.egemtv.com\/index.php?rest_route=\/wp\/v2\/posts"}],"about":[{"href":"https:\/\/www.egemtv.com\/index.php?rest_route=\/wp\/v2\/types\/post"}],"author":[{"embeddable":true,"href":"https:\/\/www.egemtv.com\/index.php?rest_route=\/wp\/v2\/users\/1"}],"replies":[{"embeddable":true,"href":"https:\/\/www.egemtv.com\/index.php?rest_route=%2Fwp%2Fv2%2Fcomments&post=29724"}],"version-history":[{"count":1,"href":"https:\/\/www.egemtv.com\/index.php?rest_route=\/wp\/v2\/posts\/29724\/revisions"}],"predecessor-version":[{"id":29726,"href":"https:\/\/www.egemtv.com\/index.php?rest_route=\/wp\/v2\/posts\/29724\/revisions\/29726"}],"wp:featuredmedia":[{"embeddable":true,"href":"https:\/\/www.egemtv.com\/index.php?rest_route=\/wp\/v2\/media\/29725"}],"wp:attachment":[{"href":"https:\/\/www.egemtv.com\/index.php?rest_route=%2Fwp%2Fv2%2Fmedia&parent=29724"}],"wp:term":[{"taxonomy":"category","embeddable":true,"href":"https:\/\/www.egemtv.com\/index.php?rest_route=%2Fwp%2Fv2%2Fcategories&post=29724"},{"taxonomy":"post_tag","embeddable":true,"href":"https:\/\/www.egemtv.com\/index.php?rest_route=%2Fwp%2Fv2%2Ftags&post=29724"}],"curies":[{"name":"wp","href":"https:\/\/api.w.org\/{rel}","templated":true}]}}