{"id":29718,"date":"2025-05-18T21:37:56","date_gmt":"2025-05-18T18:37:56","guid":{"rendered":"https:\/\/www.egemtv.com\/?p=29718"},"modified":"2025-05-18T21:38:00","modified_gmt":"2025-05-18T18:38:00","slug":"galatasarayin-sampiyonlugu-manisada-coskuyla-kutlandi","status":"publish","type":"post","link":"https:\/\/www.egemtv.com\/?p=29718","title":{"rendered":"Galatasaray\u2019\u0131n \u015fampiyonlu\u011fu Manisa\u2019da co\u015fkuyla kutland\u0131"},"content":{"rendered":"<p>Galatasaray, Trendyol S\u00fcper Lig\u2019in 36. haftas\u0131nda konuk etti\u011fi Kayserispor\u2019u 3-0 yenerek ligin bitimine 2 hafta kala \u015fampiyonlu\u011funu ilan etti. Galatasaray\u2019\u0131n \u015fampiyonlu\u011fu t\u00fcm yurtta oldu\u011fu gibi Manisa\u2019da da b\u00fcy\u00fck bir co\u015fkuyla kutland\u0131. Bir grup taraftar ise kutlama alan\u0131na Fenerbah\u00e7e tabutunu omuzlar\u0131nda ta\u015f\u0131yarak getirdi.<br \/>\n<br \/>2024-2025 sezonu Trendyol S\u00fcper Ligi\u2019nin bitimine iki hafta kala \u00fcst \u00fcste 3\u2019\u00fcnc\u00fc \u015fampiyonlu\u011funu ilan eden Galatasaray toplamda da 25. \u015fampiyonlu\u011funa ula\u015ft\u0131. Galatasaray\u2019\u0131n Ali Sami Yen Spor Kompleksi Rams Park\u2019ta Bellona Kayserispor\u2019la kar\u015f\u0131la\u015ft\u0131\u011f\u0131 m\u00fccadele \u00f6ncesi Manisa\u2019da bir\u00e7ok k\u0131raathane ve kafe adeta stadyuma d\u00f6n\u00fc\u015ft\u00fc. Ma\u00e7\u0131n 75. dakikas\u0131ndan itibaren Galatasaray taraftarlar\u0131 kutlamalar\u0131n yap\u0131laca\u011f\u0131 15 Temmuz Demokrasi Meydan\u0131\u2019na adeta ak\u0131n etti. Galatasaray gol att\u0131k\u00e7a sevinen taraftarlar ma\u00e7\u0131n bitiminde \u015fehrin merkezi konumundaki 15 Temmuz Demokrasi Meydan\u0131\u2019nda 25\u2019inci \u015fampiyonlu\u011fu doyas\u0131ya kutlad\u0131. Ara\u00e7lar\u0131na binen Manisal\u0131 Galatasaray taraftarlar\u0131 ise bayraklar ve kornalar e\u015fli\u011finde \u015fampiyonluk co\u015fkusunu ya\u015fad\u0131. Bir grup taraftar\u0131n ise Fenerbah\u00e7e tabutunu omuzlar\u0131nda ta\u015f\u0131yarak tezah\u00fcratlar e\u015fli\u011finde 15 Temmuz Demokrasi Meydan\u0131\u2019na getirmesi dikkat \u00e7ekti.<br \/><\/p>\n","protected":false},"excerpt":{"rendered":"<p>Galatasaray, Trendyol S\u00fcper Lig\u2019in 36. haftas\u0131nda konuk etti\u011fi Kayserispor\u2019u 3-0 yenerek ligin bitimine 2 hafta kala \u015fampiyonlu\u011funu ilan etti. Galatasaray\u2019\u0131n \u015fampiyonlu\u011fu t\u00fcm yurtta oldu\u011fu gibi Manisa\u2019da da b\u00fcy\u00fck bir co\u015fkuyla kutland\u0131. Bir grup taraftar ise kutlama alan\u0131na Fenerbah\u00e7e tabutunu omuzlar\u0131nda ta\u015f\u0131yarak getirdi. 2024-2025 sezonu Trendyol S\u00fcper Ligi\u2019nin bitimine iki hafta kala \u00fcst \u00fcste 3\u2019\u00fcnc\u00fc \u015fampiyonlu\u011funu&#8230;<\/p>\n","protected":false},"author":1,"featured_media":29719,"comment_status":"open","ping_status":"open","sticky":false,"template":"","format":"standard","meta":{"_crdt_document":"","footnotes":""},"categories":[4],"tags":[],"class_list":["post-29718","post","type-post","status-publish","format-standard","has-post-thumbnail","hentry","category-spor"],"_links":{"self":[{"href":"https:\/\/www.egemtv.com\/index.php?rest_route=\/wp\/v2\/posts\/29718","targetHints":{"allow":["GET"]}}],"collection":[{"href":"https:\/\/www.egemtv.com\/index.php?rest_route=\/wp\/v2\/posts"}],"about":[{"href":"https:\/\/www.egemtv.com\/index.php?rest_route=\/wp\/v2\/types\/post"}],"author":[{"embeddable":true,"href":"https:\/\/www.egemtv.com\/index.php?rest_route=\/wp\/v2\/users\/1"}],"replies":[{"embeddable":true,"href":"https:\/\/www.egemtv.com\/index.php?rest_route=%2Fwp%2Fv2%2Fcomments&post=29718"}],"version-history":[{"count":1,"href":"https:\/\/www.egemtv.com\/index.php?rest_route=\/wp\/v2\/posts\/29718\/revisions"}],"predecessor-version":[{"id":29720,"href":"https:\/\/www.egemtv.com\/index.php?rest_route=\/wp\/v2\/posts\/29718\/revisions\/29720"}],"wp:featuredmedia":[{"embeddable":true,"href":"https:\/\/www.egemtv.com\/index.php?rest_route=\/wp\/v2\/media\/29719"}],"wp:attachment":[{"href":"https:\/\/www.egemtv.com\/index.php?rest_route=%2Fwp%2Fv2%2Fmedia&parent=29718"}],"wp:term":[{"taxonomy":"category","embeddable":true,"href":"https:\/\/www.egemtv.com\/index.php?rest_route=%2Fwp%2Fv2%2Fcategories&post=29718"},{"taxonomy":"post_tag","embeddable":true,"href":"https:\/\/www.egemtv.com\/index.php?rest_route=%2Fwp%2Fv2%2Ftags&post=29718"}],"curies":[{"name":"wp","href":"https:\/\/api.w.org\/{rel}","templated":true}]}}