{"id":29715,"date":"2025-05-18T21:37:51","date_gmt":"2025-05-18T18:37:51","guid":{"rendered":"https:\/\/www.egemtv.com\/?p=29715"},"modified":"2025-05-18T21:37:56","modified_gmt":"2025-05-18T18:37:56","slug":"galatasarayin-sampiyonlugu-aydinda-coskuyla-kutlandi","status":"publish","type":"post","link":"https:\/\/www.egemtv.com\/?p=29715","title":{"rendered":"Galatasaray\u2019\u0131n \u015fampiyonlu\u011fu Ayd\u0131n\u2019da co\u015fkuyla kutland\u0131"},"content":{"rendered":"<p>S\u00fcper Lig\u2019de Galatasaray\u2019\u0131n Kayserispor\u2019u ma\u011flup ederek \u015fampiyonlu\u011funu ilan etmesinin ard\u0131ndan Ayd\u0131n\u2019da Galatasaray taraftarlar\u0131 \u015fampiyonlu\u011fu doyas\u0131ya kutlad\u0131.<\/p>\n<p>S\u00fcper Lig\u2019de Kayserispor\u2019u 3-0 ma\u011flup eden Galatasaray 25. \u015fampiyonlu\u011funu ilan etti. Ma\u00e7\u0131n biti\u015f d\u00fcd\u00fc\u011f\u00fcyle birlikte Atat\u00fcrk Kent Meydan\u0131\u2019na ak\u0131n eden sar\u0131-k\u0131rm\u0131z\u0131l\u0131 taraftarlar \u015fampiyonlu\u011fu doyas\u0131ya kutlad\u0131. Ellerindeki me\u015faleler ve Galatasaray bayraklar\u0131yla mar\u015flar s\u00f6yleyen taraftarlar, meydan\u0131 bayram havas\u0131na \u00e7evirdi.<br \/><\/p>\n","protected":false},"excerpt":{"rendered":"<p>S\u00fcper Lig\u2019de Galatasaray\u2019\u0131n Kayserispor\u2019u ma\u011flup ederek \u015fampiyonlu\u011funu ilan etmesinin ard\u0131ndan Ayd\u0131n\u2019da Galatasaray taraftarlar\u0131 \u015fampiyonlu\u011fu doyas\u0131ya kutlad\u0131. S\u00fcper Lig\u2019de Kayserispor\u2019u 3-0 ma\u011flup eden Galatasaray 25. \u015fampiyonlu\u011funu ilan etti. Ma\u00e7\u0131n biti\u015f d\u00fcd\u00fc\u011f\u00fcyle birlikte Atat\u00fcrk Kent Meydan\u0131\u2019na ak\u0131n eden sar\u0131-k\u0131rm\u0131z\u0131l\u0131 taraftarlar \u015fampiyonlu\u011fu doyas\u0131ya kutlad\u0131. Ellerindeki me\u015faleler ve Galatasaray bayraklar\u0131yla mar\u015flar s\u00f6yleyen taraftarlar, meydan\u0131 bayram havas\u0131na \u00e7evirdi.<\/p>\n","protected":false},"author":1,"featured_media":29716,"comment_status":"open","ping_status":"open","sticky":false,"template":"","format":"standard","meta":{"_crdt_document":"","footnotes":""},"categories":[4],"tags":[],"class_list":["post-29715","post","type-post","status-publish","format-standard","has-post-thumbnail","hentry","category-spor"],"_links":{"self":[{"href":"https:\/\/www.egemtv.com\/index.php?rest_route=\/wp\/v2\/posts\/29715","targetHints":{"allow":["GET"]}}],"collection":[{"href":"https:\/\/www.egemtv.com\/index.php?rest_route=\/wp\/v2\/posts"}],"about":[{"href":"https:\/\/www.egemtv.com\/index.php?rest_route=\/wp\/v2\/types\/post"}],"author":[{"embeddable":true,"href":"https:\/\/www.egemtv.com\/index.php?rest_route=\/wp\/v2\/users\/1"}],"replies":[{"embeddable":true,"href":"https:\/\/www.egemtv.com\/index.php?rest_route=%2Fwp%2Fv2%2Fcomments&post=29715"}],"version-history":[{"count":1,"href":"https:\/\/www.egemtv.com\/index.php?rest_route=\/wp\/v2\/posts\/29715\/revisions"}],"predecessor-version":[{"id":29717,"href":"https:\/\/www.egemtv.com\/index.php?rest_route=\/wp\/v2\/posts\/29715\/revisions\/29717"}],"wp:featuredmedia":[{"embeddable":true,"href":"https:\/\/www.egemtv.com\/index.php?rest_route=\/wp\/v2\/media\/29716"}],"wp:attachment":[{"href":"https:\/\/www.egemtv.com\/index.php?rest_route=%2Fwp%2Fv2%2Fmedia&parent=29715"}],"wp:term":[{"taxonomy":"category","embeddable":true,"href":"https:\/\/www.egemtv.com\/index.php?rest_route=%2Fwp%2Fv2%2Fcategories&post=29715"},{"taxonomy":"post_tag","embeddable":true,"href":"https:\/\/www.egemtv.com\/index.php?rest_route=%2Fwp%2Fv2%2Ftags&post=29715"}],"curies":[{"name":"wp","href":"https:\/\/api.w.org\/{rel}","templated":true}]}}