{"id":29709,"date":"2025-05-18T20:16:53","date_gmt":"2025-05-18T17:16:53","guid":{"rendered":"https:\/\/www.egemtv.com\/?p=29709"},"modified":"2025-05-18T20:16:55","modified_gmt":"2025-05-18T17:16:55","slug":"aydin-valisi-canbolat-cumhuriyetimizin-teminati-genclerimizdir","status":"publish","type":"post","link":"https:\/\/www.egemtv.com\/?p=29709","title":{"rendered":"Ayd\u0131n Valisi Canbolat: &#8220;Cumhuriyetimizin teminat\u0131 gen\u00e7lerimizdir&#8221;"},"content":{"rendered":"<p>Ayd\u0131n Valisi Yakup Canbolat, 19 May\u0131s Atat\u00fcrk\u2019\u00fc Anma, Gen\u00e7lik ve Spor Bayram\u0131\u2019n\u0131n 106. y\u0131l d\u00f6n\u00fcm\u00fc dolay\u0131s\u0131yla yay\u0131mlad\u0131\u011f\u0131 mesajda, Gazi Mustafa Kemal Atat\u00fcrk\u2019\u00fcn T\u00fcrk gen\u00e7li\u011fine olan g\u00fcvenini vurgulad\u0131.<\/p>\n<p>Ayd\u0131n Valisi Yakup Canbolat 19 May\u0131s Atat\u00fcrk\u2019\u00fc Anma Gen\u00e7lik ve Spor Bayram\u0131 dolay\u0131s\u0131yla mesaj\u0131nda, Bug\u00fcn T\u00fcrkiye Cumhuriyeti\u2019nin kurulu\u015fu yolunda ilk ad\u0131m\u0131n at\u0131ld\u0131\u011f\u0131, kurtulu\u015f ate\u015finin yak\u0131ld\u0131\u011f\u0131 19 May\u0131s\u2019\u0131n 106. y\u0131l d\u00f6n\u00fcm\u00fcn\u00fcn hakl\u0131 gururunu ya\u015f\u0131yoruz. Vatan\u0131na, ba\u011f\u0131ms\u0131zl\u0131\u011f\u0131na, milli ve manevi de\u011ferlerine uzanan tehditlere can\u0131 pahas\u0131na kar\u015f\u0131 koyan Aziz Milletimiz, Atat\u00fcrk\u2019\u00fcn 19 May\u0131s 1919\u2019da Samsun\u2019da yakt\u0131\u011f\u0131 ba\u011f\u0131ms\u0131zl\u0131k ate\u015fi ile genciyle ya\u015fl\u0131s\u0131yla, kad\u0131n\u0131yla erke\u011fiyle tek v\u00fccut olarak birbirine kenetlenerek bu var olu\u015f m\u00fccadelesini b\u00fcy\u00fck zaferler sonucunda kazanm\u0131\u015ft\u0131r. 19 May\u0131s\u2019ta ba\u015flayan s\u00fcre\u00e7, Cumhuriyet\u2019in ilan\u0131n\u0131n ard\u0131ndan kapsaml\u0131 de\u011fi\u015fimler ve b\u00fcy\u00fck reformlarla devam ederek T\u00fcrkiye Cumhuriyeti\u2019nin her alanda geli\u015fmesinin \u00f6n\u00fcn\u00fc a\u00e7m\u0131\u015ft\u0131r. \u0130stiklal m\u00fccadelemizin sembol\u00fc olan 19 May\u0131s\u2019\u0131n Gen\u00e7lik ve Spor Bayram\u0131 olarak ilan edilmesi, gen\u00e7lere verilen \u00f6nemin g\u00f6stergesidir. Gazi Mustafa Kemal Atat\u00fcrk; \u2019Ey y\u00fckselen yeni nesil, istikbal sizindir! Cumhuriyeti biz kurduk, onu y\u00fckseltecek ve s\u00fcrd\u00fcrecek sizlersiniz\u2019 diyerek bu b\u00fcy\u00fck miras\u0131 en \u00e7ok g\u00fcvendi\u011fi ve gelece\u011fimizin teminat\u0131 olarak g\u00f6rd\u00fc\u011f\u00fc gen\u00e7lerimize bayram olarak arma\u011fan etmi\u015ftir. Bug\u00fcn i\u00e7in g\u00f6revimiz, T\u00fcrkiye Cumhuriyeti\u2019nin ba\u011f\u0131ms\u0131zl\u0131\u011f\u0131n\u0131, birli\u011fini ve b\u00fct\u00fcnl\u00fc\u011f\u00fcn\u00fc esas almak kayd\u0131yla, k\u00fcreselle\u015fme s\u00fcrecini do\u011fru tan\u0131mlay\u0131p konumumuzu iyi belirleyerek, ulusal \u00e7\u0131karlar\u0131m\u0131z\u0131 en \u00fcst d\u00fczeyde korumak, sosyal, k\u00fclt\u00fcrel ve ekonomik y\u00f6nden b\u00f6lgemizde ve d\u00fcnyada geli\u015fmi\u015f \u00fclkeler seviyesini a\u015fmak olmal\u0131d\u0131r&#8221; dedi.<\/p>\n<p>Mesaj\u0131nda gen\u00e7lere seslenen Vali Canbolat, &#8220;Sevgili gen\u00e7ler, \u015eundan eminiz ki ba\u011f\u0131ms\u0131z T\u00fcrkiye Cumhuriyeti\u2019nin gelece\u011fi, bilgi \u00e7a\u011f\u0131n\u0131n ihtiya\u00e7lar\u0131n\u0131 \u00fczerinde ta\u015f\u0131yacak siz gen\u00e7lerimizin elinde olacakt\u0131r. Sizden \u00f6nceki nesiller inan\u00e7la \u00e7al\u0131\u015farak sizlere b\u00fcy\u00fck bir miras b\u0131rakm\u0131\u015flard\u0131r. Milletimizin umut kayna\u011f\u0131 unutmay\u0131n ki sizlersiniz. Gelece\u011fin devlet y\u00f6neticileri, siyaset\u00e7ileri, e\u011fitimcileri, bilim adamlar\u0131, sanat\u00e7\u0131lar\u0131 olacaks\u0131n\u0131z. Di\u011fer meslek temsilcileri olarak \u00fclkemizi, bilimde, fende, ekonomide, uluslararas\u0131 ili\u015fkilerde, k\u00fclt\u00fcr ve sanatta, e\u011fitimde, sporda elde edece\u011finiz ba\u015far\u0131larla bizleri gururland\u0131racaks\u0131n\u0131z. Bu duygu ve d\u00fc\u015f\u00fcncelerle, Kurtulu\u015f Sava\u015f\u0131\u2019m\u0131z\u0131n lideri Gazi Mustafa Kemal Atat\u00fcrk ve kahraman silah arkada\u015flar\u0131 ba\u015fta olmak \u00fczere vatan\u0131m\u0131z\u0131n b\u00f6l\u00fcnmez b\u00fct\u00fcnl\u00fc\u011f\u00fc, Aziz Milletimizin birlik ve beraberli\u011fi i\u00e7in canlar\u0131n\u0131 feda eden t\u00fcm kahramanlar\u0131m\u0131z\u0131 rahmet, minnet ve \u015f\u00fckranla an\u0131yor, sevgili gen\u00e7lerimiz ba\u015fta olmak \u00fczere t\u00fcm vatanda\u015flar\u0131m\u0131z\u0131n 19 May\u0131s Atat\u00fcrk\u2019\u00fc Anma, Gen\u00e7lik ve Spor Bayram\u0131\u2019n\u0131 kutluyorum&#8221; ifadelerine yer verdi.<br \/><\/p>\n","protected":false},"excerpt":{"rendered":"<p>Ayd\u0131n Valisi Yakup Canbolat, 19 May\u0131s Atat\u00fcrk\u2019\u00fc Anma, Gen\u00e7lik ve Spor Bayram\u0131\u2019n\u0131n 106. y\u0131l d\u00f6n\u00fcm\u00fc dolay\u0131s\u0131yla yay\u0131mlad\u0131\u011f\u0131 mesajda, Gazi Mustafa Kemal Atat\u00fcrk\u2019\u00fcn T\u00fcrk gen\u00e7li\u011fine olan g\u00fcvenini vurgulad\u0131. Ayd\u0131n Valisi Yakup Canbolat 19 May\u0131s Atat\u00fcrk\u2019\u00fc Anma Gen\u00e7lik ve Spor Bayram\u0131 dolay\u0131s\u0131yla mesaj\u0131nda, Bug\u00fcn T\u00fcrkiye Cumhuriyeti\u2019nin kurulu\u015fu yolunda ilk ad\u0131m\u0131n at\u0131ld\u0131\u011f\u0131, kurtulu\u015f ate\u015finin yak\u0131ld\u0131\u011f\u0131 19 May\u0131s\u2019\u0131n 106&#8230;.<\/p>\n","protected":false},"author":1,"featured_media":29710,"comment_status":"open","ping_status":"open","sticky":false,"template":"","format":"standard","meta":{"_crdt_document":"","footnotes":""},"categories":[1],"tags":[],"class_list":["post-29709","post","type-post","status-publish","format-standard","has-post-thumbnail","hentry","category-guncel"],"_links":{"self":[{"href":"https:\/\/www.egemtv.com\/index.php?rest_route=\/wp\/v2\/posts\/29709","targetHints":{"allow":["GET"]}}],"collection":[{"href":"https:\/\/www.egemtv.com\/index.php?rest_route=\/wp\/v2\/posts"}],"about":[{"href":"https:\/\/www.egemtv.com\/index.php?rest_route=\/wp\/v2\/types\/post"}],"author":[{"embeddable":true,"href":"https:\/\/www.egemtv.com\/index.php?rest_route=\/wp\/v2\/users\/1"}],"replies":[{"embeddable":true,"href":"https:\/\/www.egemtv.com\/index.php?rest_route=%2Fwp%2Fv2%2Fcomments&post=29709"}],"version-history":[{"count":1,"href":"https:\/\/www.egemtv.com\/index.php?rest_route=\/wp\/v2\/posts\/29709\/revisions"}],"predecessor-version":[{"id":29711,"href":"https:\/\/www.egemtv.com\/index.php?rest_route=\/wp\/v2\/posts\/29709\/revisions\/29711"}],"wp:featuredmedia":[{"embeddable":true,"href":"https:\/\/www.egemtv.com\/index.php?rest_route=\/wp\/v2\/media\/29710"}],"wp:attachment":[{"href":"https:\/\/www.egemtv.com\/index.php?rest_route=%2Fwp%2Fv2%2Fmedia&parent=29709"}],"wp:term":[{"taxonomy":"category","embeddable":true,"href":"https:\/\/www.egemtv.com\/index.php?rest_route=%2Fwp%2Fv2%2Fcategories&post=29709"},{"taxonomy":"post_tag","embeddable":true,"href":"https:\/\/www.egemtv.com\/index.php?rest_route=%2Fwp%2Fv2%2Ftags&post=29709"}],"curies":[{"name":"wp","href":"https:\/\/api.w.org\/{rel}","templated":true}]}}