{"id":29703,"date":"2025-05-18T19:54:48","date_gmt":"2025-05-18T16:54:48","guid":{"rendered":"https:\/\/www.egemtv.com\/?p=29703"},"modified":"2025-05-18T19:54:53","modified_gmt":"2025-05-18T16:54:53","slug":"izmirde-otomobil-motosikletle-carpisti-1-agir-yarali","status":"publish","type":"post","link":"https:\/\/www.egemtv.com\/?p=29703","title":{"rendered":"\u0130zmir\u2019de otomobil motosikletle \u00e7arp\u0131\u015ft\u0131: 1 a\u011f\u0131r yaral\u0131"},"content":{"rendered":"<p>\u0130zmir\u2019in Fo\u00e7a il\u00e7esinde otomobil ile motosikletin \u00e7arp\u0131\u015fmas\u0131 sonucu 1 ki\u015fi a\u011f\u0131r yaraland\u0131.<br \/>\n<br \/>Kaza, saat 17.00 s\u0131ralar\u0131nda Fo\u00e7a il\u00e7esi Yenik\u00f6y Mahallesi\u2019nde meydana geldi. Edinilen bilgilere g\u00f6re, F.T. (32) idaresindeki 35 CMC 482 plakal\u0131 otomobil ile Or\u00e7un B. (41) idaresindeki 35 CCE 316 plakal\u0131 motosiklet \u00e7arp\u0131\u015ft\u0131. Kazada motosiklet s\u00fcr\u00fcc\u00fcs\u00fc Or\u00e7un B. a\u011f\u0131r yaralan\u0131rken, ihbar \u00fczerine olay yerine sa\u011fl\u0131k ve jandarma ekipleri sevk edildi. Yaral\u0131 s\u00fcr\u00fcc\u00fc, sa\u011fl\u0131k ekiplerinin ilk m\u00fcdahalesinin ard\u0131ndan ambulansla Menemen Devlet Hastanesine kald\u0131r\u0131ld\u0131. Yaral\u0131n\u0131n hayati tehlikesinin bulundu\u011fu \u00f6\u011frenildi.<br \/>\n<br \/>Kaza nedeniyle b\u00f6lgede trafik ak\u0131\u015f\u0131nda k\u0131sa s\u00fcreli aksama ya\u015fand\u0131. Jandarma ekipleri olay yerinde g\u00fcvenlik \u00f6nlemleri alarak, kazayla ilgili detayl\u0131 inceleme ba\u015flatt\u0131.<br \/><\/p>\n","protected":false},"excerpt":{"rendered":"<p>\u0130zmir\u2019in Fo\u00e7a il\u00e7esinde otomobil ile motosikletin \u00e7arp\u0131\u015fmas\u0131 sonucu 1 ki\u015fi a\u011f\u0131r yaraland\u0131. Kaza, saat 17.00 s\u0131ralar\u0131nda Fo\u00e7a il\u00e7esi Yenik\u00f6y Mahallesi\u2019nde meydana geldi. Edinilen bilgilere g\u00f6re, F.T. (32) idaresindeki 35 CMC 482 plakal\u0131 otomobil ile Or\u00e7un B. (41) idaresindeki 35 CCE 316 plakal\u0131 motosiklet \u00e7arp\u0131\u015ft\u0131. Kazada motosiklet s\u00fcr\u00fcc\u00fcs\u00fc Or\u00e7un B. a\u011f\u0131r yaralan\u0131rken, ihbar \u00fczerine olay yerine&#8230;<\/p>\n","protected":false},"author":1,"featured_media":29704,"comment_status":"open","ping_status":"open","sticky":false,"template":"","format":"standard","meta":{"_crdt_document":"","footnotes":""},"categories":[5],"tags":[],"class_list":["post-29703","post","type-post","status-publish","format-standard","has-post-thumbnail","hentry","category-asayis"],"_links":{"self":[{"href":"https:\/\/www.egemtv.com\/index.php?rest_route=\/wp\/v2\/posts\/29703","targetHints":{"allow":["GET"]}}],"collection":[{"href":"https:\/\/www.egemtv.com\/index.php?rest_route=\/wp\/v2\/posts"}],"about":[{"href":"https:\/\/www.egemtv.com\/index.php?rest_route=\/wp\/v2\/types\/post"}],"author":[{"embeddable":true,"href":"https:\/\/www.egemtv.com\/index.php?rest_route=\/wp\/v2\/users\/1"}],"replies":[{"embeddable":true,"href":"https:\/\/www.egemtv.com\/index.php?rest_route=%2Fwp%2Fv2%2Fcomments&post=29703"}],"version-history":[{"count":1,"href":"https:\/\/www.egemtv.com\/index.php?rest_route=\/wp\/v2\/posts\/29703\/revisions"}],"predecessor-version":[{"id":29705,"href":"https:\/\/www.egemtv.com\/index.php?rest_route=\/wp\/v2\/posts\/29703\/revisions\/29705"}],"wp:featuredmedia":[{"embeddable":true,"href":"https:\/\/www.egemtv.com\/index.php?rest_route=\/wp\/v2\/media\/29704"}],"wp:attachment":[{"href":"https:\/\/www.egemtv.com\/index.php?rest_route=%2Fwp%2Fv2%2Fmedia&parent=29703"}],"wp:term":[{"taxonomy":"category","embeddable":true,"href":"https:\/\/www.egemtv.com\/index.php?rest_route=%2Fwp%2Fv2%2Fcategories&post=29703"},{"taxonomy":"post_tag","embeddable":true,"href":"https:\/\/www.egemtv.com\/index.php?rest_route=%2Fwp%2Fv2%2Ftags&post=29703"}],"curies":[{"name":"wp","href":"https:\/\/api.w.org\/{rel}","templated":true}]}}