{"id":29700,"date":"2025-05-18T19:38:11","date_gmt":"2025-05-18T16:38:11","guid":{"rendered":"https:\/\/www.egemtv.com\/?p=29700"},"modified":"2025-05-18T19:38:15","modified_gmt":"2025-05-18T16:38:15","slug":"fethiyede-parasutle-kayaliklara-dusen-turist-askeri-helikopterle-kurtarildi","status":"publish","type":"post","link":"https:\/\/www.egemtv.com\/?p=29700","title":{"rendered":"Fethiye\u2019de para\u015f\u00fctle kayal\u0131klara d\u00fc\u015fen turist askeri helikopterle kurtar\u0131ld\u0131"},"content":{"rendered":"<p>Mu\u011fla\u2019n\u0131n Fethiye il\u00e7esinde kayal\u0131klara d\u00fc\u015fen Belarus uyruklu yama\u00e7 para\u015f\u00fct\u00fc pilotu, askeri helikopterle b\u00f6lgeden al\u0131narak hastaneye kald\u0131r\u0131ld\u0131.<br \/>\n<br \/>Edinilen bilgiye g\u00f6re, \u00d6l\u00fcdeniz Mahallesi\u2019ndeki d\u00fcnyaca \u00fcnl\u00fc Babada\u011f\u2019\u0131n 1700 metrelik pistinden single (tekli) u\u00e7u\u015f yapan Belarus uyruklu Yahor Savich (34), kalk\u0131\u015ftan k\u0131sa bir s\u00fcre sonra \u00d6l\u00fcdeniz\u2019de bulunan ormanl\u0131k ve kayal\u0131k alana d\u00fc\u015ft\u00fc. Di\u011fer pilotlar durumu fark ederek, 112 Acil \u00c7a\u011fr\u0131 Merkezi\u2019nden yard\u0131m istedi. B\u00f6lgeye sa\u011fl\u0131k, Ulusal Medikal Kurtarma (UMKE) ve Jandarma Arama Kurtarma (JAK) Timi sevk edildi. Arazinin sarp kayal\u0131k olmas\u0131 nedeniyle para\u015f\u00fct\u00e7\u00fc bulundu\u011fu yerden indirilemeyince Ayd\u0131n Jandarma Filo Komutanl\u0131\u011f\u0131\u2019ndan bir askeri helikopter de b\u00f6lgeye sevk edildi. Askeri helikopterden sark\u0131t\u0131lan ipler yard\u0131m\u0131 ile helikoptere \u00e7ekilen Yahor Savinch, Fethiye Devlet Hastanesine g\u00f6t\u00fcr\u00fcld\u00fc. Yaralanan Savinch\u2019in hayati tehlikesinin olmad\u0131\u011f\u0131 \u00f6\u011frenildi.<br \/><\/p>\n","protected":false},"excerpt":{"rendered":"<p>Mu\u011fla\u2019n\u0131n Fethiye il\u00e7esinde kayal\u0131klara d\u00fc\u015fen Belarus uyruklu yama\u00e7 para\u015f\u00fct\u00fc pilotu, askeri helikopterle b\u00f6lgeden al\u0131narak hastaneye kald\u0131r\u0131ld\u0131. Edinilen bilgiye g\u00f6re, \u00d6l\u00fcdeniz Mahallesi\u2019ndeki d\u00fcnyaca \u00fcnl\u00fc Babada\u011f\u2019\u0131n 1700 metrelik pistinden single (tekli) u\u00e7u\u015f yapan Belarus uyruklu Yahor Savich (34), kalk\u0131\u015ftan k\u0131sa bir s\u00fcre sonra \u00d6l\u00fcdeniz\u2019de bulunan ormanl\u0131k ve kayal\u0131k alana d\u00fc\u015ft\u00fc. Di\u011fer pilotlar durumu fark ederek, 112 Acil&#8230;<\/p>\n","protected":false},"author":1,"featured_media":29701,"comment_status":"open","ping_status":"open","sticky":false,"template":"","format":"standard","meta":{"_crdt_document":"","footnotes":""},"categories":[5],"tags":[],"class_list":["post-29700","post","type-post","status-publish","format-standard","has-post-thumbnail","hentry","category-asayis"],"_links":{"self":[{"href":"https:\/\/www.egemtv.com\/index.php?rest_route=\/wp\/v2\/posts\/29700","targetHints":{"allow":["GET"]}}],"collection":[{"href":"https:\/\/www.egemtv.com\/index.php?rest_route=\/wp\/v2\/posts"}],"about":[{"href":"https:\/\/www.egemtv.com\/index.php?rest_route=\/wp\/v2\/types\/post"}],"author":[{"embeddable":true,"href":"https:\/\/www.egemtv.com\/index.php?rest_route=\/wp\/v2\/users\/1"}],"replies":[{"embeddable":true,"href":"https:\/\/www.egemtv.com\/index.php?rest_route=%2Fwp%2Fv2%2Fcomments&post=29700"}],"version-history":[{"count":1,"href":"https:\/\/www.egemtv.com\/index.php?rest_route=\/wp\/v2\/posts\/29700\/revisions"}],"predecessor-version":[{"id":29702,"href":"https:\/\/www.egemtv.com\/index.php?rest_route=\/wp\/v2\/posts\/29700\/revisions\/29702"}],"wp:featuredmedia":[{"embeddable":true,"href":"https:\/\/www.egemtv.com\/index.php?rest_route=\/wp\/v2\/media\/29701"}],"wp:attachment":[{"href":"https:\/\/www.egemtv.com\/index.php?rest_route=%2Fwp%2Fv2%2Fmedia&parent=29700"}],"wp:term":[{"taxonomy":"category","embeddable":true,"href":"https:\/\/www.egemtv.com\/index.php?rest_route=%2Fwp%2Fv2%2Fcategories&post=29700"},{"taxonomy":"post_tag","embeddable":true,"href":"https:\/\/www.egemtv.com\/index.php?rest_route=%2Fwp%2Fv2%2Ftags&post=29700"}],"curies":[{"name":"wp","href":"https:\/\/api.w.org\/{rel}","templated":true}]}}