{"id":29697,"date":"2025-05-18T19:38:06","date_gmt":"2025-05-18T16:38:06","guid":{"rendered":"https:\/\/www.egemtv.com\/?p=29697"},"modified":"2025-05-18T19:38:11","modified_gmt":"2025-05-18T16:38:11","slug":"golde-kaybolan-mermer-iscisi-icin-arama-calismasi-baslatildi","status":"publish","type":"post","link":"https:\/\/www.egemtv.com\/?p=29697","title":{"rendered":"G\u00f6lde kaybolan mermer i\u015f\u00e7isi i\u00e7in arama \u00e7al\u0131\u015fmas\u0131 ba\u015flat\u0131ld\u0131"},"content":{"rendered":"<p>Afyonkarahisar\u2019dan arkada\u015flar\u0131 ile birlikte Isparta\u2019n\u0131n E\u011firdir il\u00e7esine gezmeye gelen Afganistan uyruklu mermer i\u015f\u00e7isi, serinlemek i\u00e7in girdi\u011fi g\u00f6lde kayboldu. B\u00f6lgede sonar destekli arama-kurtarma \u00e7al\u0131\u015fmalar\u0131 ba\u015flat\u0131l\u0131rken, su alt\u0131 taramas\u0131 yapmak \u00fczere Antalya\u2019dan dalg\u0131\u00e7 ekipleri de Isparta\u2019ya sevk edildi.<br \/>\n<br \/>Olay, saat 17.00 s\u0131ralar\u0131nda Isparta\u2019n\u0131n E\u011firdir il\u00e7esi Alt\u0131nkum Plaj\u0131\u2019nda meydana geldi. Edinilen bilgilere g\u00f6re, Afyonkarahisar\u2019dan gezmek i\u00e7in E\u011firdir\u2019e gelen ve mermer oca\u011f\u0131nda \u00e7al\u0131\u015ft\u0131klar\u0131 \u00f6\u011frenilen 8 arkada\u015ftan Mohammad H. (34), piknik yapt\u0131klar\u0131 s\u0131rada serinlemek i\u00e7in E\u011firdir G\u00f6l\u00fc\u2019ne girdi. Deniz simidiyle g\u00f6le a\u00e7\u0131lan Mohammad H.\u2019den uzun s\u00fcre haber alamayan arkada\u015flar\u0131, bo\u011fulma \u015f\u00fcphesiyle durumu 112 Acil \u00c7a\u011fr\u0131 Merkezi\u2019ne bildirdi. \u0130hbar \u00fczerine b\u00f6lgeye polis, sa\u011fl\u0131k, AFAD, UMKE, Isparta Belediyesi \u0130tfaiyesi\u2019ne ba\u011fl\u0131 can kurtarma timi ile E\u011firdir Jandarma Bot Komutanl\u0131\u011f\u0131 ekipleri sevk edildi. B\u00f6lgede sonar destekli arama-kurtarma \u00e7al\u0131\u015fmalar\u0131 ba\u015flat\u0131l\u0131rken, su alt\u0131 taramas\u0131 yapmak \u00fczere Antalya\u2019dan dalg\u0131\u00e7 ekipleri de Isparta\u2019ya sevk edildi. Ekiplerin g\u00f6lde kaybolan \u015fahs\u0131 bulmak i\u00e7in \u00e7al\u0131\u015fmalar\u0131 s\u00fcr\u00fcyor.<br \/><\/p>\n","protected":false},"excerpt":{"rendered":"<p>Afyonkarahisar\u2019dan arkada\u015flar\u0131 ile birlikte Isparta\u2019n\u0131n E\u011firdir il\u00e7esine gezmeye gelen Afganistan uyruklu mermer i\u015f\u00e7isi, serinlemek i\u00e7in girdi\u011fi g\u00f6lde kayboldu. B\u00f6lgede sonar destekli arama-kurtarma \u00e7al\u0131\u015fmalar\u0131 ba\u015flat\u0131l\u0131rken, su alt\u0131 taramas\u0131 yapmak \u00fczere Antalya\u2019dan dalg\u0131\u00e7 ekipleri de Isparta\u2019ya sevk edildi. Olay, saat 17.00 s\u0131ralar\u0131nda Isparta\u2019n\u0131n E\u011firdir il\u00e7esi Alt\u0131nkum Plaj\u0131\u2019nda meydana geldi. Edinilen bilgilere g\u00f6re, Afyonkarahisar\u2019dan gezmek i\u00e7in E\u011firdir\u2019e gelen&#8230;<\/p>\n","protected":false},"author":1,"featured_media":29698,"comment_status":"open","ping_status":"open","sticky":false,"template":"","format":"standard","meta":{"_crdt_document":"","footnotes":""},"categories":[5],"tags":[],"class_list":["post-29697","post","type-post","status-publish","format-standard","has-post-thumbnail","hentry","category-asayis"],"_links":{"self":[{"href":"https:\/\/www.egemtv.com\/index.php?rest_route=\/wp\/v2\/posts\/29697","targetHints":{"allow":["GET"]}}],"collection":[{"href":"https:\/\/www.egemtv.com\/index.php?rest_route=\/wp\/v2\/posts"}],"about":[{"href":"https:\/\/www.egemtv.com\/index.php?rest_route=\/wp\/v2\/types\/post"}],"author":[{"embeddable":true,"href":"https:\/\/www.egemtv.com\/index.php?rest_route=\/wp\/v2\/users\/1"}],"replies":[{"embeddable":true,"href":"https:\/\/www.egemtv.com\/index.php?rest_route=%2Fwp%2Fv2%2Fcomments&post=29697"}],"version-history":[{"count":1,"href":"https:\/\/www.egemtv.com\/index.php?rest_route=\/wp\/v2\/posts\/29697\/revisions"}],"predecessor-version":[{"id":29699,"href":"https:\/\/www.egemtv.com\/index.php?rest_route=\/wp\/v2\/posts\/29697\/revisions\/29699"}],"wp:featuredmedia":[{"embeddable":true,"href":"https:\/\/www.egemtv.com\/index.php?rest_route=\/wp\/v2\/media\/29698"}],"wp:attachment":[{"href":"https:\/\/www.egemtv.com\/index.php?rest_route=%2Fwp%2Fv2%2Fmedia&parent=29697"}],"wp:term":[{"taxonomy":"category","embeddable":true,"href":"https:\/\/www.egemtv.com\/index.php?rest_route=%2Fwp%2Fv2%2Fcategories&post=29697"},{"taxonomy":"post_tag","embeddable":true,"href":"https:\/\/www.egemtv.com\/index.php?rest_route=%2Fwp%2Fv2%2Ftags&post=29697"}],"curies":[{"name":"wp","href":"https:\/\/api.w.org\/{rel}","templated":true}]}}