{"id":29694,"date":"2025-05-18T17:56:53","date_gmt":"2025-05-18T14:56:53","guid":{"rendered":"https:\/\/www.egemtv.com\/?p=29694"},"modified":"2025-05-18T17:56:58","modified_gmt":"2025-05-18T14:56:58","slug":"ozel-surucunun-oldugu-kazayi-arkadan-gelen-otomobilin-kamerasi-saniye-saniye-kaydetti","status":"publish","type":"post","link":"https:\/\/www.egemtv.com\/?p=29694","title":{"rendered":"(\u00d6ZEL) S\u00fcr\u00fcc\u00fcn\u00fcn \u00f6ld\u00fc\u011f\u00fc kazay\u0131 arkadan gelen otomobilin kameras\u0131 saniye saniye kaydetti"},"content":{"rendered":"<p>Afyonkarahisar\u2019da bir ki\u015finin \u00f6ld\u00fc\u011f\u00fc trafik kazas\u0131 bir otomobilin ara\u00e7 kameras\u0131 taraf\u0131ndan saniye saniye kaydedilirken, otomobilin savrularak ref\u00fcje girmesi g\u00f6renleri deh\u015fete d\u00fc\u015f\u00fcrd\u00fc.<br \/>\n<br \/>Olay, Emirda\u011f il\u00e7esi Topdere k\u00f6y\u00fc yak\u0131nlar\u0131nda meydana geldi. Edinilen bilgilere g\u00f6re, Eski\u015fehir yolu \u00fczerinde ya\u015fanan kazada \u0130lyas Tun\u00e7bilek (75) idaresindeki 59 RK 802 plakal\u0131 otomobil s\u00fcr\u00fcc\u00fcs\u00fcn\u00fcn hen\u00fcz belirlenemeyen bir sebeple direksiyon hakimiyetini kaybetmesi sonucu kontrolden \u00e7\u0131kt\u0131. Otomobil ard\u0131ndan savrularak yol kenar\u0131ndaki ref\u00fcje girdi. Kazada s\u00fcr\u00fcc\u00fc Tun\u00e7bilek a\u011f\u0131r yaraland\u0131. Yaralanan s\u00fcr\u00fcc\u00fc \u00e7evredekilerin haber vermesiyle olay yerine gelen ambulansla hastaneye kald\u0131r\u0131ld\u0131 ancak yap\u0131lan m\u00fcdahaleye ra\u011fmen kurtar\u0131lamad\u0131.<br \/>\n<br \/>Kaza an\u0131 ise arkadan gelen bir ba\u015fka otomobilin ara\u00e7 kameras\u0131 taraf\u0131ndan saniye saniye kaydedildi. G\u00f6r\u00fcnt\u00fclerde otomobilin savrulup ref\u00fcje girmesi yer al\u0131rken bu s\u0131rada ara\u00e7 kameras\u0131n\u0131n bulundu\u011fu otomobildekilerin b\u00fcy\u00fck panik ya\u015fad\u0131klar\u0131 g\u00f6zleniyor.<br \/><\/p>\n","protected":false},"excerpt":{"rendered":"<p>Afyonkarahisar\u2019da bir ki\u015finin \u00f6ld\u00fc\u011f\u00fc trafik kazas\u0131 bir otomobilin ara\u00e7 kameras\u0131 taraf\u0131ndan saniye saniye kaydedilirken, otomobilin savrularak ref\u00fcje girmesi g\u00f6renleri deh\u015fete d\u00fc\u015f\u00fcrd\u00fc. Olay, Emirda\u011f il\u00e7esi Topdere k\u00f6y\u00fc yak\u0131nlar\u0131nda meydana geldi. Edinilen bilgilere g\u00f6re, Eski\u015fehir yolu \u00fczerinde ya\u015fanan kazada \u0130lyas Tun\u00e7bilek (75) idaresindeki 59 RK 802 plakal\u0131 otomobil s\u00fcr\u00fcc\u00fcs\u00fcn\u00fcn hen\u00fcz belirlenemeyen bir sebeple direksiyon hakimiyetini kaybetmesi sonucu&#8230;<\/p>\n","protected":false},"author":1,"featured_media":29695,"comment_status":"open","ping_status":"open","sticky":false,"template":"","format":"standard","meta":{"_crdt_document":"","footnotes":""},"categories":[5],"tags":[],"class_list":["post-29694","post","type-post","status-publish","format-standard","has-post-thumbnail","hentry","category-asayis"],"_links":{"self":[{"href":"https:\/\/www.egemtv.com\/index.php?rest_route=\/wp\/v2\/posts\/29694","targetHints":{"allow":["GET"]}}],"collection":[{"href":"https:\/\/www.egemtv.com\/index.php?rest_route=\/wp\/v2\/posts"}],"about":[{"href":"https:\/\/www.egemtv.com\/index.php?rest_route=\/wp\/v2\/types\/post"}],"author":[{"embeddable":true,"href":"https:\/\/www.egemtv.com\/index.php?rest_route=\/wp\/v2\/users\/1"}],"replies":[{"embeddable":true,"href":"https:\/\/www.egemtv.com\/index.php?rest_route=%2Fwp%2Fv2%2Fcomments&post=29694"}],"version-history":[{"count":1,"href":"https:\/\/www.egemtv.com\/index.php?rest_route=\/wp\/v2\/posts\/29694\/revisions"}],"predecessor-version":[{"id":29696,"href":"https:\/\/www.egemtv.com\/index.php?rest_route=\/wp\/v2\/posts\/29694\/revisions\/29696"}],"wp:featuredmedia":[{"embeddable":true,"href":"https:\/\/www.egemtv.com\/index.php?rest_route=\/wp\/v2\/media\/29695"}],"wp:attachment":[{"href":"https:\/\/www.egemtv.com\/index.php?rest_route=%2Fwp%2Fv2%2Fmedia&parent=29694"}],"wp:term":[{"taxonomy":"category","embeddable":true,"href":"https:\/\/www.egemtv.com\/index.php?rest_route=%2Fwp%2Fv2%2Fcategories&post=29694"},{"taxonomy":"post_tag","embeddable":true,"href":"https:\/\/www.egemtv.com\/index.php?rest_route=%2Fwp%2Fv2%2Ftags&post=29694"}],"curies":[{"name":"wp","href":"https:\/\/api.w.org\/{rel}","templated":true}]}}