{"id":29691,"date":"2025-05-18T17:56:48","date_gmt":"2025-05-18T14:56:48","guid":{"rendered":"https:\/\/www.egemtv.com\/?p=29691"},"modified":"2025-05-18T17:56:53","modified_gmt":"2025-05-18T14:56:53","slug":"asev-thm-korosundan-karadeniz-ruzgari","status":"publish","type":"post","link":"https:\/\/www.egemtv.com\/?p=29691","title":{"rendered":"ASEV THM Korosu\u2019ndan Karadeniz r\u00fczgar\u0131"},"content":{"rendered":"<p>Halk m\u00fczi\u011fi tutkunlar\u0131n\u0131n g\u00f6nl\u00fcnde taht kuran Alia\u011fa Belediyesi Sanatevi (ASEV) T\u00fcrk Halk M\u00fczi\u011fi Korosu, bu kez Karadeniz\u2019in co\u015fkulu ezgileriyle sahne ald\u0131. Ula\u015f Bayam A\u00e7\u0131khava Tiyatrosu\u2019nda ger\u00e7ekle\u015fen ve m\u00fczikseverlerin yo\u011fun ilgi g\u00f6sterdi\u011fi konser, unutulmaz bir geceye sahne oldu.<br \/>\n<br \/>Koro \u015fefi Ali Hikmet G\u00f6k\u00e7en y\u00f6netimindeki dev koro, Karadeniz\u2019in h\u00fcz\u00fcnl\u00fc ve co\u015fkulu t\u00fcrk\u00fclerini ustal\u0131kla seslendirdi. &#8220;Karadeniz\u2019e Do\u011fru&#8221; temas\u0131yla haz\u0131rlanan konserde, izleyenler kimi zaman horonla co\u015ftu, kimi zaman duygusal ezgilere e\u015flik etti.<br \/>\n<br \/>Gecenin a\u00e7\u0131l\u0131\u015f\u0131, koro halinde seslendirilen, Rize y\u00f6resine ait &#8220;Derenin Kuyular\u0131&#8221; ile yap\u0131ld\u0131. Ard\u0131ndan sahne alan solistler, birbirinden etkileyici eserlerle izleyenlere m\u00fczik ziyafeti sundu. Geceye kat\u0131lan Alia\u011fa Kaymakam\u0131 Zekeriya G\u00fcney ve Alia\u011fa Belediye Ba\u015fkan\u0131 Serkan Acar, koro ve solo halinde seslendirilen t\u00fcm eserlere m\u00fczikseverlerle birlikte e\u015flik etti. Repertuar\u0131nda 22 eserin yer ald\u0131\u011f\u0131 konser, dinleyenlere unutulmaz bir gece ya\u015fatt\u0131.<\/p>\n<p>Kaz\u0131m Koyuncu ve Volkan Konak unutulmad\u0131<br \/>\n<br \/>Karadeniz y\u00f6resine ait en nadide eserlerin seslendirildi\u011fi gecede, hayatlar\u0131n\u0131 kaybetmi\u015f olan Karadeniz\u2019in efsane sanat\u00e7\u0131lar\u0131ndan Kaz\u0131m Koyuncu ile Volkan Konak da unutulmad\u0131. Volkan Konak\u2019\u0131n \u2018Cerrahpa\u015fa\u2019, Kaz\u0131m Koyuncu\u2019nun ise \u2018Gelevera Deresi\u2019 ile \u2018Narino\u2019 adl\u0131 eserleri solistler taraf\u0131ndan seslendirildi.<\/p>\n<p>\u015eef Ali Hikmet G\u00f6k\u00e7en\u2019den \u00c7ar\u015famba T\u00fcrk\u00fcs\u00fc<br \/>\n<br \/>Koristlerle birlikte muhte\u015fem bir sahne performans\u0131 sergileyen Sanat Y\u00f6netmeni Ali Hikmet G\u00f6k\u00e7en, seslendirdi\u011fi \u2018\u00c7ar\u015fambay\u0131 Sel Ald\u0131\u2019 isimli t\u00fcrk\u00fcyle dinleyenlerden b\u00fcy\u00fck alk\u0131\u015f ald\u0131. Davet \u00fczerine sahneye gelen Alia\u011fa Kaymakam\u0131 Zekeriya G\u00fcney ile Alia\u011fa Belediye Ba\u015fkan\u0131 Serkan Acar, sevilen t\u00fcrk\u00fcy\u00fc koro ile birlikte s\u00f6yledi.<\/p>\n<p>Alia\u011fa Belediye Ba\u015fkan\u0131 Serkan Acar\u2019dan sanatseverlere te\u015fekk\u00fcr<br \/>\n<br \/>Gecenin sonunda Sanat Y\u00f6netmeni Ali Hikmet G\u00f6k\u00e7en\u2019e emeklerinden \u00f6t\u00fcr\u00fc te\u015fekk\u00fcr \u00e7i\u00e7e\u011fi takdim eden Alia\u011fa Belediye Ba\u015fkan\u0131 Serkan Acar, Alia\u011fa\u2019n\u0131n bir k\u00fclt\u00fcr sanat \u015fehri olaca\u011f\u0131n\u0131 bunda da en b\u00fcy\u00fck eme\u011fin hocalara, koro \u00fcyelerine ve t\u00fcm Alia\u011fal\u0131lara ait olaca\u011f\u0131n\u0131 s\u00f6yledi. Ba\u015fkan Acar s\u00f6zlerini \u015f\u00f6yle s\u00fcrd\u00fcrd\u00fc: &#8220;Bu ak\u015fam \u00e7ok k\u0131ymetli T\u00fcrk Halk M\u00fczi\u011fi koromuz, memleketimizin cennet k\u00f6\u015felerinden Karadeniz\u2019imizin ezgileriyle bizlerle birlikte oldu. Koro \u00fcyelerimize, saz sanat\u00e7\u0131lar\u0131m\u0131za ve sanat y\u00f6netmenimiz Ali Hikmet hocam\u0131za emeklerinden \u00f6t\u00fcr\u00fc \u00e7ok te\u015fekk\u00fcr ediyorum. Buraya gelerek sanat\u00e7\u0131lar\u0131m\u0131za destek veren t\u00fcm sanatseverlerimize ayr\u0131ca \u00e7ok te\u015fekk\u00fcr ediyorum.&#8221;<br \/>\n<br \/>Uzun s\u00fcre unutulmayacak konser halk oyunlar\u0131 ekibinin horon \u015fovu ile son buldu.<br \/><\/p>\n","protected":false},"excerpt":{"rendered":"<p>Halk m\u00fczi\u011fi tutkunlar\u0131n\u0131n g\u00f6nl\u00fcnde taht kuran Alia\u011fa Belediyesi Sanatevi (ASEV) T\u00fcrk Halk M\u00fczi\u011fi Korosu, bu kez Karadeniz\u2019in co\u015fkulu ezgileriyle sahne ald\u0131. Ula\u015f Bayam A\u00e7\u0131khava Tiyatrosu\u2019nda ger\u00e7ekle\u015fen ve m\u00fczikseverlerin yo\u011fun ilgi g\u00f6sterdi\u011fi konser, unutulmaz bir geceye sahne oldu. Koro \u015fefi Ali Hikmet G\u00f6k\u00e7en y\u00f6netimindeki dev koro, Karadeniz\u2019in h\u00fcz\u00fcnl\u00fc ve co\u015fkulu t\u00fcrk\u00fclerini ustal\u0131kla seslendirdi. &#8220;Karadeniz\u2019e Do\u011fru&#8221; temas\u0131yla&#8230;<\/p>\n","protected":false},"author":1,"featured_media":29692,"comment_status":"open","ping_status":"open","sticky":false,"template":"","format":"standard","meta":{"_crdt_document":"","footnotes":""},"categories":[1],"tags":[],"class_list":["post-29691","post","type-post","status-publish","format-standard","has-post-thumbnail","hentry","category-guncel"],"_links":{"self":[{"href":"https:\/\/www.egemtv.com\/index.php?rest_route=\/wp\/v2\/posts\/29691","targetHints":{"allow":["GET"]}}],"collection":[{"href":"https:\/\/www.egemtv.com\/index.php?rest_route=\/wp\/v2\/posts"}],"about":[{"href":"https:\/\/www.egemtv.com\/index.php?rest_route=\/wp\/v2\/types\/post"}],"author":[{"embeddable":true,"href":"https:\/\/www.egemtv.com\/index.php?rest_route=\/wp\/v2\/users\/1"}],"replies":[{"embeddable":true,"href":"https:\/\/www.egemtv.com\/index.php?rest_route=%2Fwp%2Fv2%2Fcomments&post=29691"}],"version-history":[{"count":1,"href":"https:\/\/www.egemtv.com\/index.php?rest_route=\/wp\/v2\/posts\/29691\/revisions"}],"predecessor-version":[{"id":29693,"href":"https:\/\/www.egemtv.com\/index.php?rest_route=\/wp\/v2\/posts\/29691\/revisions\/29693"}],"wp:featuredmedia":[{"embeddable":true,"href":"https:\/\/www.egemtv.com\/index.php?rest_route=\/wp\/v2\/media\/29692"}],"wp:attachment":[{"href":"https:\/\/www.egemtv.com\/index.php?rest_route=%2Fwp%2Fv2%2Fmedia&parent=29691"}],"wp:term":[{"taxonomy":"category","embeddable":true,"href":"https:\/\/www.egemtv.com\/index.php?rest_route=%2Fwp%2Fv2%2Fcategories&post=29691"},{"taxonomy":"post_tag","embeddable":true,"href":"https:\/\/www.egemtv.com\/index.php?rest_route=%2Fwp%2Fv2%2Ftags&post=29691"}],"curies":[{"name":"wp","href":"https:\/\/api.w.org\/{rel}","templated":true}]}}