{"id":29688,"date":"2025-05-18T16:39:17","date_gmt":"2025-05-18T13:39:17","guid":{"rendered":"https:\/\/www.egemtv.com\/?p=29688"},"modified":"2025-05-18T16:39:21","modified_gmt":"2025-05-18T13:39:21","slug":"denizlili-dagcilar-2-bin-295-metrede-turk-bayragini-dalgalandirdi","status":"publish","type":"post","link":"https:\/\/www.egemtv.com\/?p=29688","title":{"rendered":"Denizlili Da\u011fc\u0131lar 2 bin 295 metrede T\u00fcrk bayra\u011f\u0131n\u0131 dalgaland\u0131rd\u0131"},"content":{"rendered":"<p>Denizlili da\u011fc\u0131lar 19 May\u0131s Atat\u00fcrk\u2019\u00fc Anma, Gen\u00e7lik ve Spor Bayram\u0131 kapsam\u0131nda 2 bin 295 metre y\u00fcksekli\u011findeki Sandras Da\u011f\u0131 zirvesine t\u0131rmanarak T\u00fcrk bayra\u011f\u0131 a\u00e7t\u0131.<br \/>\n<br \/>Denizlili da\u011fc\u0131lar\u0131 bir araya getiren Pamukkale Arama Kurtarma Do\u011fa Sporlar\u0131 Kul\u00fcb\u00fc (PAKDOS), 19 May\u0131s Atat\u00fcrk\u2019\u00fc Anma, Gen\u00e7lik ve Spor Bayram\u0131\u2019n\u0131 anlaml\u0131 bir etkinlikle kutlad\u0131. Sabah erken saatlerde ger\u00e7ekle\u015ftirilen t\u0131rman\u0131\u015fta, PAKDOS \u00fcyeleri 2 bin 295 metre y\u00fcksekli\u011findeki Beya\u011fa\u00e7 Sandras Da\u011f\u0131\u2019n\u0131n zirvesine ula\u015ft\u0131. Zirvede T\u00fcrk bayra\u011f\u0131n\u0131 dalgaland\u0131rarak bayram co\u015fkusunu doruklara ta\u015f\u0131d\u0131. Ekip, 19 May\u0131s Pazartesi sabah\u0131 ise Alt\u0131nsivrisi Da\u011f\u0131\u2019n\u0131n 2 bin 50 metre y\u00fcksekli\u011findeki zirvesine bir t\u0131rman\u0131\u015f daha ger\u00e7ekle\u015ftirecek.<br \/><\/p>\n","protected":false},"excerpt":{"rendered":"<p>Denizlili da\u011fc\u0131lar 19 May\u0131s Atat\u00fcrk\u2019\u00fc Anma, Gen\u00e7lik ve Spor Bayram\u0131 kapsam\u0131nda 2 bin 295 metre y\u00fcksekli\u011findeki Sandras Da\u011f\u0131 zirvesine t\u0131rmanarak T\u00fcrk bayra\u011f\u0131 a\u00e7t\u0131. Denizlili da\u011fc\u0131lar\u0131 bir araya getiren Pamukkale Arama Kurtarma Do\u011fa Sporlar\u0131 Kul\u00fcb\u00fc (PAKDOS), 19 May\u0131s Atat\u00fcrk\u2019\u00fc Anma, Gen\u00e7lik ve Spor Bayram\u0131\u2019n\u0131 anlaml\u0131 bir etkinlikle kutlad\u0131. Sabah erken saatlerde ger\u00e7ekle\u015ftirilen t\u0131rman\u0131\u015fta, PAKDOS \u00fcyeleri 2&#8230;<\/p>\n","protected":false},"author":1,"featured_media":29689,"comment_status":"open","ping_status":"open","sticky":false,"template":"","format":"standard","meta":{"_crdt_document":"","footnotes":""},"categories":[4],"tags":[],"class_list":["post-29688","post","type-post","status-publish","format-standard","has-post-thumbnail","hentry","category-spor"],"_links":{"self":[{"href":"https:\/\/www.egemtv.com\/index.php?rest_route=\/wp\/v2\/posts\/29688","targetHints":{"allow":["GET"]}}],"collection":[{"href":"https:\/\/www.egemtv.com\/index.php?rest_route=\/wp\/v2\/posts"}],"about":[{"href":"https:\/\/www.egemtv.com\/index.php?rest_route=\/wp\/v2\/types\/post"}],"author":[{"embeddable":true,"href":"https:\/\/www.egemtv.com\/index.php?rest_route=\/wp\/v2\/users\/1"}],"replies":[{"embeddable":true,"href":"https:\/\/www.egemtv.com\/index.php?rest_route=%2Fwp%2Fv2%2Fcomments&post=29688"}],"version-history":[{"count":1,"href":"https:\/\/www.egemtv.com\/index.php?rest_route=\/wp\/v2\/posts\/29688\/revisions"}],"predecessor-version":[{"id":29690,"href":"https:\/\/www.egemtv.com\/index.php?rest_route=\/wp\/v2\/posts\/29688\/revisions\/29690"}],"wp:featuredmedia":[{"embeddable":true,"href":"https:\/\/www.egemtv.com\/index.php?rest_route=\/wp\/v2\/media\/29689"}],"wp:attachment":[{"href":"https:\/\/www.egemtv.com\/index.php?rest_route=%2Fwp%2Fv2%2Fmedia&parent=29688"}],"wp:term":[{"taxonomy":"category","embeddable":true,"href":"https:\/\/www.egemtv.com\/index.php?rest_route=%2Fwp%2Fv2%2Fcategories&post=29688"},{"taxonomy":"post_tag","embeddable":true,"href":"https:\/\/www.egemtv.com\/index.php?rest_route=%2Fwp%2Fv2%2Ftags&post=29688"}],"curies":[{"name":"wp","href":"https:\/\/api.w.org\/{rel}","templated":true}]}}