{"id":29685,"date":"2025-05-18T16:39:11","date_gmt":"2025-05-18T13:39:11","guid":{"rendered":"https:\/\/www.egemtv.com\/?p=29685"},"modified":"2025-05-18T16:39:16","modified_gmt":"2025-05-18T13:39:16","slug":"gunesli-hava-sahillerini-doldurdu","status":"publish","type":"post","link":"https:\/\/www.egemtv.com\/?p=29685","title":{"rendered":"G\u00fcne\u015fli hava sahillerini doldurdu"},"content":{"rendered":"<p>Ayd\u0131n\u2019\u0131n Ku\u015fadas\u0131 il\u00e7esinde bulunan Dilek Yar\u0131madas\u0131 B\u00fcy\u00fck Menderes Deltas\u0131 Milli Park\u0131, g\u00fcne\u015fli havay\u0131 f\u0131rsat bilen vatanda\u015flar\u0131n ak\u0131n\u0131na u\u011frarken, sahillerde yo\u011funluk ya\u015fand\u0131.<\/p>\n<p>Havan\u0131n \u0131s\u0131nmas\u0131yla birlikte Ku\u015fadas\u0131\u2019nda yazdan kalma g\u00fcnler ya\u015fan\u0131yor. \u00d6zellikle hafta sonu etkisini art\u0131ran g\u00fcne\u015fli hava, Dilek Yar\u0131madas\u0131 Milli Park\u0131\u2019nda yo\u011funlu\u011fa neden oldu. Do\u011fal g\u00fczellikleri ve berrak deniziyle bilinen milli park, hem yerli hem de yabanc\u0131 ziyaret\u00e7ilerin u\u011frak noktas\u0131 oldu. Vatanda\u015flar g\u00fcne\u015fli havay\u0131 de\u011ferlendirerek sahil boyunca y\u00fcr\u00fcy\u00fc\u015f yapt\u0131, denize girip piknik yapt\u0131. Kimileri \u015fezlonglar\u0131nda g\u00fcne\u015flenirken, kimileri de serin sular\u0131n keyfini \u00e7\u0131kard\u0131.<\/p>\n<p>Milli park g\u00f6revlileri ise \u00e7evre temizli\u011fi ve do\u011fay\u0131 koruma konusunda ziyaret\u00e7ileri uyar\u0131rken, g\u00fcvenlik ve trafik y\u00f6nlendirmeleri i\u00e7in jandarma ekipleri de g\u00f6rev ald\u0131. Yetkililer yaz sezonu yakla\u015f\u0131rken milli parkta yo\u011funlu\u011fun artmas\u0131n\u0131n beklendi\u011fini belirterek ziyaret\u00e7ilerin do\u011faya sayg\u0131l\u0131 olmalar\u0131 ve kurallara uymalar\u0131 \u00e7a\u011fr\u0131s\u0131nda bulundu.<br \/><\/p>\n","protected":false},"excerpt":{"rendered":"<p>Ayd\u0131n\u2019\u0131n Ku\u015fadas\u0131 il\u00e7esinde bulunan Dilek Yar\u0131madas\u0131 B\u00fcy\u00fck Menderes Deltas\u0131 Milli Park\u0131, g\u00fcne\u015fli havay\u0131 f\u0131rsat bilen vatanda\u015flar\u0131n ak\u0131n\u0131na u\u011frarken, sahillerde yo\u011funluk ya\u015fand\u0131. Havan\u0131n \u0131s\u0131nmas\u0131yla birlikte Ku\u015fadas\u0131\u2019nda yazdan kalma g\u00fcnler ya\u015fan\u0131yor. \u00d6zellikle hafta sonu etkisini art\u0131ran g\u00fcne\u015fli hava, Dilek Yar\u0131madas\u0131 Milli Park\u0131\u2019nda yo\u011funlu\u011fa neden oldu. Do\u011fal g\u00fczellikleri ve berrak deniziyle bilinen milli park, hem yerli hem de&#8230;<\/p>\n","protected":false},"author":1,"featured_media":29686,"comment_status":"open","ping_status":"open","sticky":false,"template":"","format":"standard","meta":{"_crdt_document":"","footnotes":""},"categories":[1],"tags":[],"class_list":["post-29685","post","type-post","status-publish","format-standard","has-post-thumbnail","hentry","category-guncel"],"_links":{"self":[{"href":"https:\/\/www.egemtv.com\/index.php?rest_route=\/wp\/v2\/posts\/29685","targetHints":{"allow":["GET"]}}],"collection":[{"href":"https:\/\/www.egemtv.com\/index.php?rest_route=\/wp\/v2\/posts"}],"about":[{"href":"https:\/\/www.egemtv.com\/index.php?rest_route=\/wp\/v2\/types\/post"}],"author":[{"embeddable":true,"href":"https:\/\/www.egemtv.com\/index.php?rest_route=\/wp\/v2\/users\/1"}],"replies":[{"embeddable":true,"href":"https:\/\/www.egemtv.com\/index.php?rest_route=%2Fwp%2Fv2%2Fcomments&post=29685"}],"version-history":[{"count":1,"href":"https:\/\/www.egemtv.com\/index.php?rest_route=\/wp\/v2\/posts\/29685\/revisions"}],"predecessor-version":[{"id":29687,"href":"https:\/\/www.egemtv.com\/index.php?rest_route=\/wp\/v2\/posts\/29685\/revisions\/29687"}],"wp:featuredmedia":[{"embeddable":true,"href":"https:\/\/www.egemtv.com\/index.php?rest_route=\/wp\/v2\/media\/29686"}],"wp:attachment":[{"href":"https:\/\/www.egemtv.com\/index.php?rest_route=%2Fwp%2Fv2%2Fmedia&parent=29685"}],"wp:term":[{"taxonomy":"category","embeddable":true,"href":"https:\/\/www.egemtv.com\/index.php?rest_route=%2Fwp%2Fv2%2Fcategories&post=29685"},{"taxonomy":"post_tag","embeddable":true,"href":"https:\/\/www.egemtv.com\/index.php?rest_route=%2Fwp%2Fv2%2Ftags&post=29685"}],"curies":[{"name":"wp","href":"https:\/\/api.w.org\/{rel}","templated":true}]}}