{"id":29682,"date":"2025-05-18T16:18:34","date_gmt":"2025-05-18T13:18:34","guid":{"rendered":"https:\/\/www.egemtv.com\/?p=29682"},"modified":"2025-05-18T16:18:46","modified_gmt":"2025-05-18T13:18:46","slug":"kusadasindan-estonyaya-robotik-basari-yolculugu","status":"publish","type":"post","link":"https:\/\/www.egemtv.com\/?p=29682","title":{"rendered":"Ku\u015fadas\u0131\u2019ndan Estonya\u2019ya robotik ba\u015far\u0131 yolculu\u011fu"},"content":{"rendered":"<p>Ku\u015fadas\u0131, gen\u00e7 beyinlerin uluslararas\u0131 arenadaki ba\u015far\u0131s\u0131yla gurur ya\u015f\u0131yor. Aral\u0131k ay\u0131nda Estonya\u2019da d\u00fczenlenecek olan d\u00fcnyan\u0131n en b\u00fcy\u00fck robotik festivallerinden Robotex International\u2019a kat\u0131lmaya hak kazanan 5 Ku\u015fadal\u0131 \u00f6\u011frenci, b\u00f6lgesel ve ulusal yar\u0131\u015fmalarda elde ettikleri derecelerle \u00f6nemli bir ba\u015far\u0131ya imza att\u0131.<\/p>\n<p>D\u00fcnya genelinde robotik ve giri\u015fimcilik alan\u0131nda d\u00fczenlenen Robotex International\u2019\u0131n T\u00fcrkiye aya\u011f\u0131; \u0130zmir, \u0130stanbul, Mersin ve Azerbaycan\u2019\u0131n ba\u015fkenti Bak\u00fc\u2019de ger\u00e7ekle\u015ftirilen b\u00f6lgesel yar\u0131\u015fmalarla ba\u015flad\u0131. B\u00f6lge finallerinden ba\u015far\u0131yla \u00e7\u0131kan \u00f6\u011frenciler, 2-4 May\u0131s tarihleri aras\u0131nda Antalya d\u00fczenlenen T\u00fcrkiye finalinde ter d\u00f6kt\u00fc.<\/p>\n<p>Ku\u015fadas\u0131\u2019ndan \u00f6\u011fretmenleri Yi\u011fit Arif \u015een rehberli\u011finde yar\u0131\u015fmaya kat\u0131lan Egemen T\u00fcrkezer, Umut Can Bozda\u011f, Semih Deniz Diri, Artem Bryt-Voronko ve Kuzey Albayrak\u2019tan olu\u015fan ekip, T\u00fcrkiye finalinde ikinci olarak Estonya\u2019daki uluslararas\u0131 finale kat\u0131lma hakk\u0131 kazand\u0131. \u00d6\u011frenciler, \u00e7izgi izleyen robot kategorisinde T\u00fcrkiye\u2019yi temsil edecek.<\/p>\n<p>Bu \u00f6nemli ba\u015far\u0131, T\u00fcrkiye Odalar ve Borsalar Birli\u011fi Kad\u0131n Giri\u015fimciler Kurulu \u00dcyesi, Robotex International T\u00fcrkiye partneri ve Ku\u015fadas\u0131\u2019ndaki bir otelin m\u00fcd\u00fcr\u00fc olan Z\u00fclal \u0130nan taraf\u0131ndan da \u00f6zel olarak kutland\u0131. \u0130nan, ba\u015far\u0131l\u0131 \u00f6\u011frencileri Ku\u015fadas\u0131\u2019ndaki otelde a\u011f\u0131rlayarak tebrik etti. Otel y\u00f6netimi, gen\u00e7 yetenekleri yar\u0131\u015fma s\u00fcrecinde desteklemeye devam edeceklerini belirtti.<\/p>\n<p>Ku\u015fadas\u0131\u2019n\u0131n bu parlak gen\u00e7leri, sadece kenti de\u011fil t\u00fcm T\u00fcrkiye\u2019yi Estonya\u2019da en iyi \u015fekilde temsil edecek. Robotik kodlama alan\u0131ndaki bu gurur verici ba\u015far\u0131, il\u00e7ede e\u011fitime ve teknolojiye verilen \u00f6nemin somut bir g\u00f6stergesi oldu.<br \/><\/p>\n","protected":false},"excerpt":{"rendered":"<p>Ku\u015fadas\u0131, gen\u00e7 beyinlerin uluslararas\u0131 arenadaki ba\u015far\u0131s\u0131yla gurur ya\u015f\u0131yor. Aral\u0131k ay\u0131nda Estonya\u2019da d\u00fczenlenecek olan d\u00fcnyan\u0131n en b\u00fcy\u00fck robotik festivallerinden Robotex International\u2019a kat\u0131lmaya hak kazanan 5 Ku\u015fadal\u0131 \u00f6\u011frenci, b\u00f6lgesel ve ulusal yar\u0131\u015fmalarda elde ettikleri derecelerle \u00f6nemli bir ba\u015far\u0131ya imza att\u0131. D\u00fcnya genelinde robotik ve giri\u015fimcilik alan\u0131nda d\u00fczenlenen Robotex International\u2019\u0131n T\u00fcrkiye aya\u011f\u0131; \u0130zmir, \u0130stanbul, Mersin ve Azerbaycan\u2019\u0131n ba\u015fkenti&#8230;<\/p>\n","protected":false},"author":1,"featured_media":29683,"comment_status":"open","ping_status":"open","sticky":false,"template":"","format":"standard","meta":{"_crdt_document":"","footnotes":""},"categories":[123],"tags":[],"class_list":["post-29682","post","type-post","status-publish","format-standard","has-post-thumbnail","hentry","category-gundem"],"_links":{"self":[{"href":"https:\/\/www.egemtv.com\/index.php?rest_route=\/wp\/v2\/posts\/29682","targetHints":{"allow":["GET"]}}],"collection":[{"href":"https:\/\/www.egemtv.com\/index.php?rest_route=\/wp\/v2\/posts"}],"about":[{"href":"https:\/\/www.egemtv.com\/index.php?rest_route=\/wp\/v2\/types\/post"}],"author":[{"embeddable":true,"href":"https:\/\/www.egemtv.com\/index.php?rest_route=\/wp\/v2\/users\/1"}],"replies":[{"embeddable":true,"href":"https:\/\/www.egemtv.com\/index.php?rest_route=%2Fwp%2Fv2%2Fcomments&post=29682"}],"version-history":[{"count":1,"href":"https:\/\/www.egemtv.com\/index.php?rest_route=\/wp\/v2\/posts\/29682\/revisions"}],"predecessor-version":[{"id":29684,"href":"https:\/\/www.egemtv.com\/index.php?rest_route=\/wp\/v2\/posts\/29682\/revisions\/29684"}],"wp:featuredmedia":[{"embeddable":true,"href":"https:\/\/www.egemtv.com\/index.php?rest_route=\/wp\/v2\/media\/29683"}],"wp:attachment":[{"href":"https:\/\/www.egemtv.com\/index.php?rest_route=%2Fwp%2Fv2%2Fmedia&parent=29682"}],"wp:term":[{"taxonomy":"category","embeddable":true,"href":"https:\/\/www.egemtv.com\/index.php?rest_route=%2Fwp%2Fv2%2Fcategories&post=29682"},{"taxonomy":"post_tag","embeddable":true,"href":"https:\/\/www.egemtv.com\/index.php?rest_route=%2Fwp%2Fv2%2Ftags&post=29682"}],"curies":[{"name":"wp","href":"https:\/\/api.w.org\/{rel}","templated":true}]}}