{"id":29679,"date":"2025-05-18T15:56:21","date_gmt":"2025-05-18T12:56:21","guid":{"rendered":"https:\/\/www.egemtv.com\/?p=29679"},"modified":"2025-05-18T15:56:29","modified_gmt":"2025-05-18T12:56:29","slug":"kusadasi-ilim-meclisinden-guzelcamliya-ve-mubadele-tarihine-yolculuk","status":"publish","type":"post","link":"https:\/\/www.egemtv.com\/?p=29679","title":{"rendered":"Ku\u015fadas\u0131 \u0130lim Meclisi\u2019nden G\u00fczel\u00e7aml\u0131\u2019ya ve m\u00fcbadele tarihine yolculuk"},"content":{"rendered":"<p>Ku\u015fadas\u0131 \u0130lim Meclisi\u2019nin ikinci toplant\u0131s\u0131, 22 May\u0131s 2025 Per\u015fembe g\u00fcn\u00fc saat 14.30\u2019da Ku\u015fadas\u0131 Ticaret Odas\u0131 Meclis Salonu\u2019nda ger\u00e7ekle\u015ftirilecek. Toplant\u0131da, il\u00e7enin k\u00fclt\u00fcrel ve tarihi zenginliklerini \u00f6n plana \u00e7\u0131karacak \u00f6nemli ba\u015fl\u0131klar ele al\u0131nacak.<\/p>\n<p>Toplant\u0131n\u0131n en dikkat \u00e7ekici b\u00f6l\u00fcmlerinden biri, m\u00fcbadele tarihi ve yerel haf\u0131za a\u00e7\u0131s\u0131ndan b\u00fcy\u00fck \u00f6nem ta\u015f\u0131yan G\u00fczel\u00e7aml\u0131 \u00fczerine d\u00fczenlenecek olan \u00f6zel konferans olacak. Konferans\u0131n konu\u015fmac\u0131s\u0131, G\u00fczel\u00e7aml\u0131\u2019n\u0131n son belediye ba\u015fkan\u0131 ve &#8220;M\u00fcbadele ve G\u00fczel\u00e7aml\u0131&#8221; kitab\u0131n\u0131n yazar\u0131 \u00d6zkal Y\u00fcksel olacak. Y\u00fcksel, hem belediye ba\u015fkanl\u0131\u011f\u0131 d\u00f6nemine dair deneyimlerini hem de b\u00f6lgenin m\u00fcbadele s\u00fcrecinde ya\u015fad\u0131\u011f\u0131 d\u00f6n\u00fc\u015f\u00fcm\u00fc kat\u0131l\u0131mc\u0131larla payla\u015facak. Ayr\u0131ca, meclis b\u00fcnyesinde d\u00fczenlenmesi planlanan tematik geziler ve Haziran ay\u0131ndaki s\u00f6yle\u015filerin tarihleri de toplant\u0131 s\u0131ras\u0131nda netle\u015ftirilecek. Kat\u0131l\u0131mc\u0131lar\u0131n \u00f6neri ve katk\u0131lar\u0131yla \u015fekillenecek toplant\u0131, verimli bir fikir al\u0131\u015fveri\u015fi ortam\u0131 sunacak.<br \/><\/p>\n","protected":false},"excerpt":{"rendered":"<p>Ku\u015fadas\u0131 \u0130lim Meclisi\u2019nin ikinci toplant\u0131s\u0131, 22 May\u0131s 2025 Per\u015fembe g\u00fcn\u00fc saat 14.30\u2019da Ku\u015fadas\u0131 Ticaret Odas\u0131 Meclis Salonu\u2019nda ger\u00e7ekle\u015ftirilecek. Toplant\u0131da, il\u00e7enin k\u00fclt\u00fcrel ve tarihi zenginliklerini \u00f6n plana \u00e7\u0131karacak \u00f6nemli ba\u015fl\u0131klar ele al\u0131nacak. Toplant\u0131n\u0131n en dikkat \u00e7ekici b\u00f6l\u00fcmlerinden biri, m\u00fcbadele tarihi ve yerel haf\u0131za a\u00e7\u0131s\u0131ndan b\u00fcy\u00fck \u00f6nem ta\u015f\u0131yan G\u00fczel\u00e7aml\u0131 \u00fczerine d\u00fczenlenecek olan \u00f6zel konferans olacak. Konferans\u0131n konu\u015fmac\u0131s\u0131,&#8230;<\/p>\n","protected":false},"author":1,"featured_media":29680,"comment_status":"open","ping_status":"open","sticky":false,"template":"","format":"standard","meta":{"_crdt_document":"","footnotes":""},"categories":[1],"tags":[],"class_list":["post-29679","post","type-post","status-publish","format-standard","has-post-thumbnail","hentry","category-guncel"],"_links":{"self":[{"href":"https:\/\/www.egemtv.com\/index.php?rest_route=\/wp\/v2\/posts\/29679","targetHints":{"allow":["GET"]}}],"collection":[{"href":"https:\/\/www.egemtv.com\/index.php?rest_route=\/wp\/v2\/posts"}],"about":[{"href":"https:\/\/www.egemtv.com\/index.php?rest_route=\/wp\/v2\/types\/post"}],"author":[{"embeddable":true,"href":"https:\/\/www.egemtv.com\/index.php?rest_route=\/wp\/v2\/users\/1"}],"replies":[{"embeddable":true,"href":"https:\/\/www.egemtv.com\/index.php?rest_route=%2Fwp%2Fv2%2Fcomments&post=29679"}],"version-history":[{"count":1,"href":"https:\/\/www.egemtv.com\/index.php?rest_route=\/wp\/v2\/posts\/29679\/revisions"}],"predecessor-version":[{"id":29681,"href":"https:\/\/www.egemtv.com\/index.php?rest_route=\/wp\/v2\/posts\/29679\/revisions\/29681"}],"wp:featuredmedia":[{"embeddable":true,"href":"https:\/\/www.egemtv.com\/index.php?rest_route=\/wp\/v2\/media\/29680"}],"wp:attachment":[{"href":"https:\/\/www.egemtv.com\/index.php?rest_route=%2Fwp%2Fv2%2Fmedia&parent=29679"}],"wp:term":[{"taxonomy":"category","embeddable":true,"href":"https:\/\/www.egemtv.com\/index.php?rest_route=%2Fwp%2Fv2%2Fcategories&post=29679"},{"taxonomy":"post_tag","embeddable":true,"href":"https:\/\/www.egemtv.com\/index.php?rest_route=%2Fwp%2Fv2%2Ftags&post=29679"}],"curies":[{"name":"wp","href":"https:\/\/api.w.org\/{rel}","templated":true}]}}