{"id":29676,"date":"2025-05-18T15:56:16","date_gmt":"2025-05-18T12:56:16","guid":{"rendered":"https:\/\/www.egemtv.com\/?p=29676"},"modified":"2025-05-18T15:56:20","modified_gmt":"2025-05-18T12:56:20","slug":"kirazlida-soguk-hava-kiraz-hasadini-vurdu","status":"publish","type":"post","link":"https:\/\/www.egemtv.com\/?p=29676","title":{"rendered":"Kirazl\u0131\u2019da so\u011fuk hava kiraz hasad\u0131n\u0131 vurdu"},"content":{"rendered":"<p>Ayd\u0131n\u2019\u0131n Ku\u015fadas\u0131 il\u00e7esinde bu y\u0131l kiraz sezonu beklenenden ge\u00e7 ba\u015flarken, mevsim normallerinin alt\u0131nda seyreden hava s\u0131cakl\u0131klar\u0131 nedeniyle kiraz a\u011fa\u00e7lar\u0131nda \u00e7i\u00e7eklenme d\u00f6nemi olumsuz etkilendi.<br \/>\n<br \/>Ku\u015fadas\u0131 Kirazl\u0131 Mahallesi\u2019nde so\u011fuk hava, hem kiraz \u00e7i\u00e7eklerini yakt\u0131 hem de tozla\u015fmay\u0131 engelledi. Kiraz \u00fcreticisi Emel Ulu\u00e7ay, bu y\u0131l rekoltenin olduk\u00e7a d\u00fc\u015f\u00fck oldu\u011funu belirterek, &#8220;A\u011fa\u00e7larda kiraz neredeyse yok denecek kadar az. So\u011fuk hava \u00e7i\u00e7ekleri yakt\u0131, ar\u0131lar da \u00e7al\u0131\u015famay\u0131nca d\u00f6llenme ger\u00e7ekle\u015fmedi. Her y\u0131l kasa kasa kiraz toplarken, bu y\u0131l neredeyse avu\u00e7 i\u00e7i kadar \u00fcr\u00fcn alabildik&#8221; dedi.<br \/>\n<br \/>Kirazl\u0131\u2019n\u0131n kaliteli kiraz\u0131yla bilindi\u011fini hat\u0131rlatan Ulu\u00e7ay, bu y\u0131l \u00fcretimin hem az hem de maliyetli ge\u00e7ti\u011fini s\u00f6yledi. &#8220;G\u00fcbre, ila\u00e7, bak\u0131m hepsi masraf. Ama a\u011fa\u00e7lar bo\u015f kald\u0131. Bu y\u0131l kazanmay\u0131 b\u0131rak\u0131n, zarar etmemek bile ba\u015far\u0131 say\u0131l\u0131r. T\u00fcketici bu y\u0131l kiraz\u0131 az bulacak, pahal\u0131ya alacak. Biz de \u00fcr\u00fcn\u00fcm\u00fcz\u00fc zor \u015fartlarda yeti\u015ftirdik&#8221; diye konu\u015ftu.<br \/>\n<br \/>Bir ba\u015fka kiraz \u00fcreticisi Mehmet Bozkurt ise, &#8220;Kiraz\u0131 don vurdu, kiraz a\u011fac\u0131 bombo\u015f duruyor. Bu zamandan sonra da kiraz \u00e7\u0131kmaz. Yiyecek kiraz bile bulunmaz&#8221; ifadelerini kulland\u0131.<br \/>\n<br \/>\u00dcreticiler, ya\u015fanan verim kayb\u0131n\u0131n pazara da yans\u0131yaca\u011f\u0131n\u0131 ve kiraz\u0131n az olmas\u0131 nedeniyle fiyatlar\u0131n artabilece\u011fini belirtirken, iklim de\u011fi\u015fikli\u011finin etkilerini her ge\u00e7en y\u0131l daha fazla hissettiklerini belirterek destek ve \u00f6nlem \u00e7a\u011fr\u0131s\u0131nda bulundu.<br \/><\/p>\n","protected":false},"excerpt":{"rendered":"<p>Ayd\u0131n\u2019\u0131n Ku\u015fadas\u0131 il\u00e7esinde bu y\u0131l kiraz sezonu beklenenden ge\u00e7 ba\u015flarken, mevsim normallerinin alt\u0131nda seyreden hava s\u0131cakl\u0131klar\u0131 nedeniyle kiraz a\u011fa\u00e7lar\u0131nda \u00e7i\u00e7eklenme d\u00f6nemi olumsuz etkilendi. Ku\u015fadas\u0131 Kirazl\u0131 Mahallesi\u2019nde so\u011fuk hava, hem kiraz \u00e7i\u00e7eklerini yakt\u0131 hem de tozla\u015fmay\u0131 engelledi. Kiraz \u00fcreticisi Emel Ulu\u00e7ay, bu y\u0131l rekoltenin olduk\u00e7a d\u00fc\u015f\u00fck oldu\u011funu belirterek, &#8220;A\u011fa\u00e7larda kiraz neredeyse yok denecek kadar az. So\u011fuk&#8230;<\/p>\n","protected":false},"author":1,"featured_media":29677,"comment_status":"open","ping_status":"open","sticky":false,"template":"","format":"standard","meta":{"_crdt_document":"","footnotes":""},"categories":[1],"tags":[],"class_list":["post-29676","post","type-post","status-publish","format-standard","has-post-thumbnail","hentry","category-guncel"],"_links":{"self":[{"href":"https:\/\/www.egemtv.com\/index.php?rest_route=\/wp\/v2\/posts\/29676","targetHints":{"allow":["GET"]}}],"collection":[{"href":"https:\/\/www.egemtv.com\/index.php?rest_route=\/wp\/v2\/posts"}],"about":[{"href":"https:\/\/www.egemtv.com\/index.php?rest_route=\/wp\/v2\/types\/post"}],"author":[{"embeddable":true,"href":"https:\/\/www.egemtv.com\/index.php?rest_route=\/wp\/v2\/users\/1"}],"replies":[{"embeddable":true,"href":"https:\/\/www.egemtv.com\/index.php?rest_route=%2Fwp%2Fv2%2Fcomments&post=29676"}],"version-history":[{"count":1,"href":"https:\/\/www.egemtv.com\/index.php?rest_route=\/wp\/v2\/posts\/29676\/revisions"}],"predecessor-version":[{"id":29678,"href":"https:\/\/www.egemtv.com\/index.php?rest_route=\/wp\/v2\/posts\/29676\/revisions\/29678"}],"wp:featuredmedia":[{"embeddable":true,"href":"https:\/\/www.egemtv.com\/index.php?rest_route=\/wp\/v2\/media\/29677"}],"wp:attachment":[{"href":"https:\/\/www.egemtv.com\/index.php?rest_route=%2Fwp%2Fv2%2Fmedia&parent=29676"}],"wp:term":[{"taxonomy":"category","embeddable":true,"href":"https:\/\/www.egemtv.com\/index.php?rest_route=%2Fwp%2Fv2%2Fcategories&post=29676"},{"taxonomy":"post_tag","embeddable":true,"href":"https:\/\/www.egemtv.com\/index.php?rest_route=%2Fwp%2Fv2%2Ftags&post=29676"}],"curies":[{"name":"wp","href":"https:\/\/api.w.org\/{rel}","templated":true}]}}