{"id":29673,"date":"2025-05-18T14:35:09","date_gmt":"2025-05-18T11:35:09","guid":{"rendered":"https:\/\/www.egemtv.com\/?p=29673"},"modified":"2025-05-18T14:35:14","modified_gmt":"2025-05-18T11:35:14","slug":"cinede-hac-yolculari-dualarla-ugurlandi","status":"publish","type":"post","link":"https:\/\/www.egemtv.com\/?p=29673","title":{"rendered":"\u00c7ine\u2019de hac yolcular\u0131 dualarla u\u011furland\u0131"},"content":{"rendered":"<p>Ayd\u0131n\u2019\u0131n \u00c7ine il\u00e7esinde 2025 y\u0131l\u0131nda Diyanet \u0130\u015fleri Ba\u015fkanl\u0131\u011f\u0131 organizasyonu ile hacca gidecek olan hac\u0131lar i\u00e7in \u00c7ar\u015f\u0131 Camii\u2019de program d\u00fczenlendi.<br \/>\n<br \/>Kur\u2019an tilaveti ile ba\u015flayan program, \u0130l\u00e7e M\u00fcft\u00fcs\u00fc Yahya Of\u015fin\u2019in konu\u015fmalar\u0131 ile devam etti. Hac yolculu\u011funun hac\u0131 adaylar\u0131n\u0131n hayatlar\u0131nda \u00e7\u0131kt\u0131klar\u0131 en \u00f6nemli yolculuk oldu\u011funu vurgulayan \u0130l\u00e7e M\u00fcft\u00fcs\u00fc Yahya Of\u015fin, &#8220;\u015eu ana kadar hayat\u0131n\u0131zda ger\u00e7ekle\u015ftirdi\u011finiz yolculuklar\u0131n en \u00f6nemlisine \u00e7\u0131k\u0131yorsunuz. Size d\u00fc\u015fen o m\u00fcbarek topraklarda, o g\u00fczel ortamda, Y\u00fcce Allah`\u0131n \u0130slam\u2019\u0131n bir \u015fart\u0131 olarak hepimize emretti\u011fi bu ibadeti en g\u00fczel \u015fekliyle, her an\u0131n\u0131, her saniyesini de\u011ferlendirerek ge\u00e7irmek olmal\u0131d\u0131r&#8221; diye konu\u015ftu.<\/p>\n<p>Din g\u00f6revlilerinin kaside ve ilahileri ile devam eden, sevin\u00e7 ve h\u00fczn\u00fcn ayn\u0131 anda ya\u015fand\u0131\u011f\u0131 program \u0130l\u00e7e M\u00fcft\u00fcs\u00fc Of\u015fin\u2019in yapm\u0131\u015f oldu\u011fu dua ve hacile son buldu.<br \/><\/p>\n","protected":false},"excerpt":{"rendered":"<p>Ayd\u0131n\u2019\u0131n \u00c7ine il\u00e7esinde 2025 y\u0131l\u0131nda Diyanet \u0130\u015fleri Ba\u015fkanl\u0131\u011f\u0131 organizasyonu ile hacca gidecek olan hac\u0131lar i\u00e7in \u00c7ar\u015f\u0131 Camii\u2019de program d\u00fczenlendi. Kur\u2019an tilaveti ile ba\u015flayan program, \u0130l\u00e7e M\u00fcft\u00fcs\u00fc Yahya Of\u015fin\u2019in konu\u015fmalar\u0131 ile devam etti. Hac yolculu\u011funun hac\u0131 adaylar\u0131n\u0131n hayatlar\u0131nda \u00e7\u0131kt\u0131klar\u0131 en \u00f6nemli yolculuk oldu\u011funu vurgulayan \u0130l\u00e7e M\u00fcft\u00fcs\u00fc Yahya Of\u015fin, &#8220;\u015eu ana kadar hayat\u0131n\u0131zda ger\u00e7ekle\u015ftirdi\u011finiz yolculuklar\u0131n en \u00f6nemlisine&#8230;<\/p>\n","protected":false},"author":1,"featured_media":29674,"comment_status":"open","ping_status":"open","sticky":false,"template":"","format":"standard","meta":{"_crdt_document":"","footnotes":""},"categories":[1],"tags":[],"class_list":["post-29673","post","type-post","status-publish","format-standard","has-post-thumbnail","hentry","category-guncel"],"_links":{"self":[{"href":"https:\/\/www.egemtv.com\/index.php?rest_route=\/wp\/v2\/posts\/29673","targetHints":{"allow":["GET"]}}],"collection":[{"href":"https:\/\/www.egemtv.com\/index.php?rest_route=\/wp\/v2\/posts"}],"about":[{"href":"https:\/\/www.egemtv.com\/index.php?rest_route=\/wp\/v2\/types\/post"}],"author":[{"embeddable":true,"href":"https:\/\/www.egemtv.com\/index.php?rest_route=\/wp\/v2\/users\/1"}],"replies":[{"embeddable":true,"href":"https:\/\/www.egemtv.com\/index.php?rest_route=%2Fwp%2Fv2%2Fcomments&post=29673"}],"version-history":[{"count":1,"href":"https:\/\/www.egemtv.com\/index.php?rest_route=\/wp\/v2\/posts\/29673\/revisions"}],"predecessor-version":[{"id":29675,"href":"https:\/\/www.egemtv.com\/index.php?rest_route=\/wp\/v2\/posts\/29673\/revisions\/29675"}],"wp:featuredmedia":[{"embeddable":true,"href":"https:\/\/www.egemtv.com\/index.php?rest_route=\/wp\/v2\/media\/29674"}],"wp:attachment":[{"href":"https:\/\/www.egemtv.com\/index.php?rest_route=%2Fwp%2Fv2%2Fmedia&parent=29673"}],"wp:term":[{"taxonomy":"category","embeddable":true,"href":"https:\/\/www.egemtv.com\/index.php?rest_route=%2Fwp%2Fv2%2Fcategories&post=29673"},{"taxonomy":"post_tag","embeddable":true,"href":"https:\/\/www.egemtv.com\/index.php?rest_route=%2Fwp%2Fv2%2Ftags&post=29673"}],"curies":[{"name":"wp","href":"https:\/\/api.w.org\/{rel}","templated":true}]}}